{"id":2327,"date":"2015-06-23T18:09:14","date_gmt":"2015-06-23T18:09:14","guid":{"rendered":""},"modified":"2016-06-20T20:35:20","modified_gmt":"2016-06-20T20:35:20","slug":"adi-5334-em-reuniao-historica-na-oab-sinprofaz-ratifica-oposicao-veemente","status":"publish","type":"post","link":"https:\/\/sinprofaz.org.br\/2024\/noticias\/adi-5334-em-reuniao-historica-na-oab-sinprofaz-ratifica-oposicao-veemente\/","title":{"rendered":"ADI 5334: em reuni\u00e3o hist\u00f3rica na OAB, SINPROFAZ ratifica oposi\u00e7\u00e3o veemente"},"content":{"rendered":"<p>Na manh\u00e3 de ontem (24), o SINPROFAZ ratificou o posicionamento do sindicato contra a A\u00e7\u00e3o Direta de Inconstitucionalidade 5.334, ajuizada pelo procurador-geral da Rep\u00fablica. Segundo o Presidente, Her\u00e1clio Camargo, a medida tenta fragilizar o trabalho dos Advogados P\u00fablicos.<\/p>\n<p>\u201cA atribui\u00e7\u00e3o do Minist\u00e9rio P\u00fablico \u00e9 defender a sociedade brasileira. Como defender a sociedade brasileira com a Advocacia P\u00fablica de joelhos?\u201d, questionou Camargo.<\/p>\n<p>A Colega Tha\u00eds P\u00e1ssaro, membro da ANAJUR, destacou que \u201cA ADI s\u00f3 fortaleceu nossa atua\u00e7\u00e3o em defesa da autonomia t\u00e9cnica e administrativa, por meio da PEC 82\/2007, e da simetria salarial, em prol da PEC 443\/2009\u201d.<\/p>\n<p>Tamb\u00e9m estiveram presentes representantes da Anpprev, Anauni, Unafe, Anpaf, Anape e APBC. Todas elas tamb\u00e9m repudiaram a ADI 5.334.<\/p>\n<p>Durante a reuni\u00e3o, o pioneirismo da OAB em defesa da liberdade tamb\u00e9m destacado. Al\u00e9m disso, foi lembrado que o n\u00edvel de mobiliza\u00e7\u00e3o dos Advogados P\u00fablicos Federais tamb\u00e9m \u00e9 resultado do apoio institucional da OAB.<\/p>\n<p>O encontro contou com a participa\u00e7\u00e3o do Vice-presidente do Conselho Federal da OAB, Carlos Lamachia, do ex-presidente Ophir Cavalcante J\u00fanior e do presidente da OAB\/DF, Ibaneis Rocha.<\/p>\n\n\t\t<style type=\"text\/css\">\n\t\t\t#gallery-1 {\n\t\t\t\tmargin: auto;\n\t\t\t}\n\t\t\t#gallery-1 .gallery-item {\n\t\t\t\tfloat: left;\n\t\t\t\tmargin-top: 10px;\n\t\t\t\ttext-align: center;\n\t\t\t\twidth: 33%;\n\t\t\t}\n\t\t\t#gallery-1 img {\n\t\t\t\tborder: 2px solid #cfcfcf;\n\t\t\t}\n\t\t\t#gallery-1 .gallery-caption {\n\t\t\t\tmargin-left: 0;\n\t\t\t}\n\t\t\t\/* see gallery_shortcode() in wp-includes\/media.php *\/\n\t\t<\/style>\n\t\t<div id='gallery-1' class='gallery galleryid-2327 gallery-columns-3 gallery-size-thumbnail'><dl class='gallery-item'>\n\t\t\t<dt class='gallery-icon landscape'>\n\t\t\t\t<a href='https:\/\/sinprofaz.org.br\/2024\/wp-content\/uploads\/2015\/06\/023.jpg'><img loading=\"lazy\" decoding=\"async\" width=\"150\" height=\"150\" src=\"https:\/\/sinprofaz.org.br\/2024\/wp-content\/uploads\/2015\/06\/023-150x150.jpg\" class=\"attachment-thumbnail size-thumbnail\" alt=\"\" \/><\/a>\n\t\t\t<\/dt><\/dl><dl class='gallery-item'>\n\t\t\t<dt class='gallery-icon landscape'>\n\t\t\t\t<a href='https:\/\/sinprofaz.org.br\/2024\/wp-content\/uploads\/2015\/06\/031.jpg'><img loading=\"lazy\" decoding=\"async\" width=\"150\" height=\"150\" src=\"https:\/\/sinprofaz.org.br\/2024\/wp-content\/uploads\/2015\/06\/031-150x150.jpg\" class=\"attachment-thumbnail size-thumbnail\" alt=\"\" \/><\/a>\n\t\t\t<\/dt><\/dl><dl class='gallery-item'>\n\t\t\t<dt class='gallery-icon landscape'>\n\t\t\t\t<a href='https:\/\/sinprofaz.org.br\/2024\/wp-content\/uploads\/2015\/06\/041.jpg'><img loading=\"lazy\" decoding=\"async\" width=\"150\" height=\"150\" src=\"https:\/\/sinprofaz.org.br\/2024\/wp-content\/uploads\/2015\/06\/041-150x150.jpg\" class=\"attachment-thumbnail size-thumbnail\" alt=\"\" \/><\/a>\n\t\t\t<\/dt><\/dl><br style=\"clear: both\" \/>\n\t\t<\/div>\n\n","protected":false},"excerpt":{"rendered":"<p>Na manh\u00e3 de ontem (24), o SINPROFAZ ratificou o posicionamento do sindicato contra a A\u00e7\u00e3o Direta de Inconstitucionalidade 5.334, ajuizada pelo procurador-geral da Rep\u00fablica. Segundo o Presidente, Her\u00e1clio Camargo, a medida tenta fragilizar o trabalho dos Advogados P\u00fablicos.<\/p>\n","protected":false},"author":1,"featured_media":4984,"comment_status":"closed","ping_status":"open","sticky":false,"template":"","format":"standard","meta":{"footnotes":""},"categories":[8],"tags":[],"featured_image_url":"https:\/\/sinprofaz.org.br\/2024\/wp-content\/uploads\/2015\/06\/015-800x198.jpg","character_count":802,"formatted_date":"23\/06\/2015 - 18:09","contentNovo":"<p>Na manh\u00e3 de ontem (24), o SINPROFAZ ratificou o posicionamento do sindicato contra a A\u00e7\u00e3o Direta de Inconstitucionalidade 5.334, ajuizada pelo procurador-geral da Rep\u00fablica. Segundo o Presidente, Her\u00e1clio Camargo, a medida tenta fragilizar o trabalho dos Advogados P\u00fablicos.<\/p>\r\n<p>\u201cA atribui\u00e7\u00e3o do Minist\u00e9rio P\u00fablico \u00e9 defender a sociedade brasileira. Como defender a sociedade brasileira com a Advocacia P\u00fablica de joelhos?\u201d, questionou Camargo.<\/p>\r\n<p>A Colega Tha\u00eds P\u00e1ssaro, membro da ANAJUR, destacou que \u201cA ADI s\u00f3 fortaleceu nossa atua\u00e7\u00e3o em defesa da autonomia t\u00e9cnica e administrativa, por meio da PEC 82\/2007, e da simetria salarial, em prol da PEC 443\/2009\u201d.<\/p>\r\n<p>Tamb\u00e9m estiveram presentes representantes da Anpprev, Anauni, Unafe, Anpaf, Anape e APBC. Todas elas tamb\u00e9m repudiaram a ADI 5.334.<\/p>\r\n<p>Durante a reuni\u00e3o, o pioneirismo da OAB em defesa da liberdade tamb\u00e9m destacado. Al\u00e9m disso, foi lembrado que o n\u00edvel de mobiliza\u00e7\u00e3o dos Advogados P\u00fablicos Federais tamb\u00e9m \u00e9 resultado do apoio institucional da OAB.<\/p>\r\n<p>O encontro contou com a participa\u00e7\u00e3o do Vice-presidente do Conselho Federal da OAB, Carlos Lamachia, do ex-presidente Ophir Cavalcante J\u00fanior e do presidente da OAB\/DF, Ibaneis Rocha.<\/p>\r\n[gallery link=\"file\" ids=\"4985,4986,4987\"]","_links":{"self":[{"href":"https:\/\/sinprofaz.org.br\/2024\/wp-json\/wp\/v2\/posts\/2327"}],"collection":[{"href":"https:\/\/sinprofaz.org.br\/2024\/wp-json\/wp\/v2\/posts"}],"about":[{"href":"https:\/\/sinprofaz.org.br\/2024\/wp-json\/wp\/v2\/types\/post"}],"author":[{"embeddable":true,"href":"https:\/\/sinprofaz.org.br\/2024\/wp-json\/wp\/v2\/users\/1"}],"replies":[{"embeddable":true,"href":"https:\/\/sinprofaz.org.br\/2024\/wp-json\/wp\/v2\/comments?post=2327"}],"version-history":[{"count":2,"href":"https:\/\/sinprofaz.org.br\/2024\/wp-json\/wp\/v2\/posts\/2327\/revisions"}],"predecessor-version":[{"id":4989,"href":"https:\/\/sinprofaz.org.br\/2024\/wp-json\/wp\/v2\/posts\/2327\/revisions\/4989"}],"wp:featuredmedia":[{"embeddable":true,"href":"https:\/\/sinprofaz.org.br\/2024\/wp-json\/wp\/v2\/media\/4984"}],"wp:attachment":[{"href":"https:\/\/sinprofaz.org.br\/2024\/wp-json\/wp\/v2\/media?parent=2327"}],"wp:term":[{"taxonomy":"category","embeddable":true,"href":"https:\/\/sinprofaz.org.br\/2024\/wp-json\/wp\/v2\/categories?post=2327"},{"taxonomy":"post_tag","embeddable":true,"href":"https:\/\/sinprofaz.org.br\/2024\/wp-json\/wp\/v2\/tags?post=2327"}],"curies":[{"name":"wp","href":"https:\/\/api.w.org\/{rel}","templated":true}]}}