{"id":2326,"date":"2015-06-23T14:28:34","date_gmt":"2015-06-23T14:28:34","guid":{"rendered":""},"modified":"2016-06-20T20:36:39","modified_gmt":"2016-06-20T20:36:39","slug":"lancamento-do-livro-incentivos-tributarios-conceituacao-limites-e-controles","status":"publish","type":"post","link":"https:\/\/sinprofaz.org.br\/2024\/noticias\/lancamento-do-livro-incentivos-tributarios-conceituacao-limites-e-controles\/","title":{"rendered":"Lan\u00e7amento do livro Incentivos tribut\u00e1rios: Conceitua\u00e7\u00e3o, limites e controles"},"content":{"rendered":"<p>Na pr\u00f3xima quinta-feira (25), o Colega Gilson Bomfim lan\u00e7a o livro Incentivos tribut\u00e1rios: Conceitua\u00e7\u00e3o, limites e controles.<\/p>\n<p>Bomfim \u00e9 Procurador da Fazenda Nacional, Mestre em Finan\u00e7as P\u00fablicas, Tributa\u00e7\u00e3o e desenvolvimento &#8211; UERJ, Especialista em Direito Tribut\u00e1rio, LL.M. em Direito Corporativo.<\/p>\n<p>O evento ocorre na Livraria da Travessa, Rua sete de setembro n\u00famero 54, Centro &#8211; Rio de Janeiro.<\/p>\n","protected":false},"excerpt":{"rendered":"<p>Na pr\u00f3xima quinta-feira (25), o Colega Gilson Bomfim lan\u00e7a o livro Incentivos tribut\u00e1rios: Conceitua\u00e7\u00e3o, limites e controles.<\/p>\n","protected":false},"author":1,"featured_media":4990,"comment_status":"closed","ping_status":"open","sticky":false,"template":"","format":"standard","meta":{"footnotes":""},"categories":[8],"tags":[],"featured_image_url":"https:\/\/sinprofaz.org.br\/2024\/wp-content\/uploads\/2015\/06\/016-800x198.jpg","character_count":211,"formatted_date":"23\/06\/2015 - 14:28","contentNovo":"<p>Na pr\u00f3xima quinta-feira (25), o Colega Gilson Bomfim lan\u00e7a o livro Incentivos tribut\u00e1rios: Conceitua\u00e7\u00e3o, limites e controles.<\/p>\r\n<p>Bomfim \u00e9 Procurador da Fazenda Nacional, Mestre em Finan\u00e7as P\u00fablicas, Tributa\u00e7\u00e3o e desenvolvimento - UERJ, Especialista em Direito Tribut\u00e1rio, LL.M. em Direito Corporativo.<\/p>\r\n<p>O evento ocorre na Livraria da Travessa, Rua sete de setembro n\u00famero 54, Centro - Rio de Janeiro.<\/p>","_links":{"self":[{"href":"https:\/\/sinprofaz.org.br\/2024\/wp-json\/wp\/v2\/posts\/2326"}],"collection":[{"href":"https:\/\/sinprofaz.org.br\/2024\/wp-json\/wp\/v2\/posts"}],"about":[{"href":"https:\/\/sinprofaz.org.br\/2024\/wp-json\/wp\/v2\/types\/post"}],"author":[{"embeddable":true,"href":"https:\/\/sinprofaz.org.br\/2024\/wp-json\/wp\/v2\/users\/1"}],"replies":[{"embeddable":true,"href":"https:\/\/sinprofaz.org.br\/2024\/wp-json\/wp\/v2\/comments?post=2326"}],"version-history":[{"count":1,"href":"https:\/\/sinprofaz.org.br\/2024\/wp-json\/wp\/v2\/posts\/2326\/revisions"}],"predecessor-version":[{"id":4991,"href":"https:\/\/sinprofaz.org.br\/2024\/wp-json\/wp\/v2\/posts\/2326\/revisions\/4991"}],"wp:featuredmedia":[{"embeddable":true,"href":"https:\/\/sinprofaz.org.br\/2024\/wp-json\/wp\/v2\/media\/4990"}],"wp:attachment":[{"href":"https:\/\/sinprofaz.org.br\/2024\/wp-json\/wp\/v2\/media?parent=2326"}],"wp:term":[{"taxonomy":"category","embeddable":true,"href":"https:\/\/sinprofaz.org.br\/2024\/wp-json\/wp\/v2\/categories?post=2326"},{"taxonomy":"post_tag","embeddable":true,"href":"https:\/\/sinprofaz.org.br\/2024\/wp-json\/wp\/v2\/tags?post=2326"}],"curies":[{"name":"wp","href":"https:\/\/api.w.org\/{rel}","templated":true}]}}