{"id":2323,"date":"2015-06-22T14:02:51","date_gmt":"2015-06-22T14:02:51","guid":{"rendered":""},"modified":"2016-06-21T12:40:57","modified_gmt":"2016-06-21T12:40:57","slug":"23-de-junho-dia-nacional-de-paralisacao-e-mobilizacao-da-advocacia-publica-federal","status":"publish","type":"post","link":"https:\/\/sinprofaz.org.br\/2024\/noticias\/23-de-junho-dia-nacional-de-paralisacao-e-mobilizacao-da-advocacia-publica-federal\/","title":{"rendered":"23 DE JUNHO: Dia Nacional de Paralisa\u00e7\u00e3o e Mobiliza\u00e7\u00e3o da Advocacia P\u00fablica Federal"},"content":{"rendered":"<p>O SINPROFAZ e as demais entidades associativas conclamam todos os Advogados P\u00fablicos Federais para aderirem \u00e0s mobiliza\u00e7\u00f5es do Dia Nacional de Paralisa\u00e7\u00e3o, que ser\u00e3o realizadas na pr\u00f3xima ter\u00e7a-feira, 23, em Bras\u00edlia e nos diversos estados da Federa\u00e7\u00e3o, de forma conjunta.<\/p>\n<p>O objetivo da Paralisa\u00e7\u00e3o Nacional \u00e9 dar continuidade ao estado intenso de mobiliza\u00e7\u00e3o dos membros da AGU. Os Advogados P\u00fablicos querem demonstrar a insatisfa\u00e7\u00e3o com as dificuldades enfrentadas pelos membros da Advocacia P\u00fablica Federal, que sofrem car\u00eancias estruturais, desvaloriza\u00e7\u00e3o e defasagem remunerat\u00f3ria.<\/p>\n<p>Em Bras\u00edlia\/DF, ser\u00e1 realizado um Ato P\u00fablico na sede do Conselho Federal da OAB, localizado no Setor de Autarquias Sul, Quadra 05, Lote 1, Bloco M, Audit\u00f3rio \u2013 2\u00ba Andar, \u00e0s 10h.<\/p>\n<p>Os Colegas dos Estados tamb\u00e9m devem organizar-se de forma conjunta para a realiza\u00e7\u00e3o de Atos P\u00fablicos de apoio aos pleitos da Advocacia P\u00fablica Federal, nos locais e hor\u00e1rios mais apropriados a cada realidade local.<\/p>\n<p>O SINPROFAZ reitera a import\u00e2ncia de os Colegas continuarem mobilizados em prol do movimento de fortalecimento e valoriza\u00e7\u00e3o da Advocacia P\u00fablica Federal e de seus membros. PARTICIPEM!<\/p>\n","protected":false},"excerpt":{"rendered":"<p>Os membros da Advocacia P\u00fablica Federal realizar\u00e3o mobiliza\u00e7\u00f5es em Bras\u00edlia e nos diversos Estados em continuidade \u00e0s manifesta\u00e7\u00f5es pelo fortalecimento das Carreiras da AGU.<\/p>\n","protected":false},"author":1,"featured_media":4995,"comment_status":"closed","ping_status":"open","sticky":false,"template":"","format":"standard","meta":{"footnotes":""},"categories":[8],"tags":[],"featured_image_url":"https:\/\/sinprofaz.org.br\/2024\/wp-content\/uploads\/2015\/06\/018.jpg","character_count":605,"formatted_date":"22\/06\/2015 - 14:02","contentNovo":"<p>O SINPROFAZ e as demais entidades associativas conclamam todos os Advogados P\u00fablicos Federais para aderirem \u00e0s mobiliza\u00e7\u00f5es do Dia Nacional de Paralisa\u00e7\u00e3o, que ser\u00e3o realizadas na pr\u00f3xima ter\u00e7a-feira, 23, em Bras\u00edlia e nos diversos estados da Federa\u00e7\u00e3o, de forma conjunta.<\/p>\r\n<p>O objetivo da Paralisa\u00e7\u00e3o Nacional \u00e9 dar continuidade ao estado intenso de mobiliza\u00e7\u00e3o dos membros da AGU. Os Advogados P\u00fablicos querem demonstrar a insatisfa\u00e7\u00e3o com as dificuldades enfrentadas pelos membros da Advocacia P\u00fablica Federal, que sofrem car\u00eancias estruturais, desvaloriza\u00e7\u00e3o e defasagem remunerat\u00f3ria.<\/p>\r\n<p>Em Bras\u00edlia\/DF, ser\u00e1 realizado um Ato P\u00fablico na sede do Conselho Federal da OAB, localizado no Setor de Autarquias Sul, Quadra 05, Lote 1, Bloco M, Audit\u00f3rio \u2013 2\u00ba Andar, \u00e0s 10h.<\/p>\r\n<p>Os Colegas dos Estados tamb\u00e9m devem organizar-se de forma conjunta para a realiza\u00e7\u00e3o de Atos P\u00fablicos de apoio aos pleitos da Advocacia P\u00fablica Federal, nos locais e hor\u00e1rios mais apropriados a cada realidade local.<\/p>\r\n<p>O SINPROFAZ reitera a import\u00e2ncia de os Colegas continuarem mobilizados em prol do movimento de fortalecimento e valoriza\u00e7\u00e3o da Advocacia P\u00fablica Federal e de seus membros. PARTICIPEM!<\/p>","_links":{"self":[{"href":"https:\/\/sinprofaz.org.br\/2024\/wp-json\/wp\/v2\/posts\/2323"}],"collection":[{"href":"https:\/\/sinprofaz.org.br\/2024\/wp-json\/wp\/v2\/posts"}],"about":[{"href":"https:\/\/sinprofaz.org.br\/2024\/wp-json\/wp\/v2\/types\/post"}],"author":[{"embeddable":true,"href":"https:\/\/sinprofaz.org.br\/2024\/wp-json\/wp\/v2\/users\/1"}],"replies":[{"embeddable":true,"href":"https:\/\/sinprofaz.org.br\/2024\/wp-json\/wp\/v2\/comments?post=2323"}],"version-history":[{"count":1,"href":"https:\/\/sinprofaz.org.br\/2024\/wp-json\/wp\/v2\/posts\/2323\/revisions"}],"predecessor-version":[{"id":4996,"href":"https:\/\/sinprofaz.org.br\/2024\/wp-json\/wp\/v2\/posts\/2323\/revisions\/4996"}],"wp:featuredmedia":[{"embeddable":true,"href":"https:\/\/sinprofaz.org.br\/2024\/wp-json\/wp\/v2\/media\/4995"}],"wp:attachment":[{"href":"https:\/\/sinprofaz.org.br\/2024\/wp-json\/wp\/v2\/media?parent=2323"}],"wp:term":[{"taxonomy":"category","embeddable":true,"href":"https:\/\/sinprofaz.org.br\/2024\/wp-json\/wp\/v2\/categories?post=2323"},{"taxonomy":"post_tag","embeddable":true,"href":"https:\/\/sinprofaz.org.br\/2024\/wp-json\/wp\/v2\/tags?post=2323"}],"curies":[{"name":"wp","href":"https:\/\/api.w.org\/{rel}","templated":true}]}}