{"id":2317,"date":"2015-06-12T20:59:58","date_gmt":"2015-06-12T20:59:58","guid":{"rendered":""},"modified":"2016-06-21T13:36:54","modified_gmt":"2016-06-21T13:36:54","slug":"mobilizacao-historica-proximos-passos","status":"publish","type":"post","link":"https:\/\/sinprofaz.org.br\/2024\/noticias\/mobilizacao-historica-proximos-passos\/","title":{"rendered":"MOBILIZA\u00c7\u00c3O HIST\u00d3RICA: pr\u00f3ximos passos"},"content":{"rendered":"<p>Em continuidade \u00e0 hist\u00f3rica mobiliza\u00e7\u00e3o dos Advogados P\u00fablicos Federais, o SINPROFAZ e as demais Entidades Representativas das Carreiras da AGU conclamam os Colegas a darem continuidade ao estado de mobiliza\u00e7\u00e3o e ao movimento de Entrega de cargos e demais orienta\u00e7\u00f5es dadas pelas associa\u00e7\u00f5es.<\/p>\n<p>Conforme divulgado em nota anterior, haver\u00e1 um dia de paralisa\u00e7\u00e3o por semana, de prefer\u00eancia nas ter\u00e7as e quartas, at\u00e9 a efetiva vota\u00e7\u00e3o da PEC 443 na C\u00e2mara dos Deputados.<\/p>\n<p>Na pr\u00f3xima semana, a paralisa\u00e7\u00e3o ser\u00e1 realizada na quarta-feira (17\/06), uma vez que esse ser\u00e1 estabelecido como o dia \u201cD\u201d do movimento de entrega de cargos, com a divulga\u00e7\u00e3o das notifica\u00e7\u00f5es judiciais dos pedidos de exonera\u00e7\u00e3o dos colegas.<\/p>\n<p>Dessa forma, dando continuidade ao movimento, a programa\u00e7\u00e3o da pr\u00f3xima semana ser\u00e1 a seguinte:<\/p>\n<p><b>Em Bras\u00edlia<\/b><\/p>\n<p>Ter\u00e7a-feira (16\/06) \u2013 14:00 &#8211; Mobiliza\u00e7\u00e3o na reuni\u00e3o de l\u00edderes da C\u00e2mara dos Deputados<\/p>\n<p>Quarta-Feira (17\/06) \u2013 11:00 &#8211; Grande Ato P\u00fablico em frente ao pr\u00e9dio da AGU<\/p>\n<p><b>Nos Estados<\/b><\/p>\n<p>Caber\u00e1 \u00e0s comiss\u00f5es locais decidirem o local e hora dos Atos P\u00fablicos conjuntos.<\/p>\n","protected":false},"excerpt":{"rendered":"<p>Em continuidade \u00e0 hist\u00f3rica mobiliza\u00e7\u00e3o dos Advogados P\u00fablicos Federais, o SINPROFAZ e as demais Entidades Representativas das Carreiras da AGU conclamam os Colegas a darem continuidade ao estado de mobiliza\u00e7\u00e3o e ao movimento de Entrega de cargos e demais orienta\u00e7\u00f5es dadas pelas associa\u00e7\u00f5es.<\/p>\n","protected":false},"author":1,"featured_media":5012,"comment_status":"closed","ping_status":"open","sticky":false,"template":"","format":"standard","meta":{"footnotes":""},"categories":[8],"tags":[],"featured_image_url":"https:\/\/sinprofaz.org.br\/2024\/wp-content\/uploads\/2015\/06\/0112.jpg","character_count":570,"formatted_date":"12\/06\/2015 - 20:59","contentNovo":"<p>Em continuidade \u00e0 hist\u00f3rica mobiliza\u00e7\u00e3o dos Advogados P\u00fablicos Federais, o SINPROFAZ e as demais Entidades Representativas das Carreiras da AGU conclamam os Colegas a darem continuidade ao estado de mobiliza\u00e7\u00e3o e ao movimento de Entrega de cargos e demais orienta\u00e7\u00f5es dadas pelas associa\u00e7\u00f5es.<\/p>\r\n<p>Conforme divulgado em nota anterior, haver\u00e1 um dia de paralisa\u00e7\u00e3o por semana, de prefer\u00eancia nas ter\u00e7as e quartas, at\u00e9 a efetiva vota\u00e7\u00e3o da PEC 443 na C\u00e2mara dos Deputados.<\/p>\r\n<p>Na pr\u00f3xima semana, a paralisa\u00e7\u00e3o ser\u00e1 realizada na quarta-feira (17\/06), uma vez que esse ser\u00e1 estabelecido como o dia \u201cD\u201d do movimento de entrega de cargos, com a divulga\u00e7\u00e3o das notifica\u00e7\u00f5es judiciais dos pedidos de exonera\u00e7\u00e3o dos colegas.<\/p>\r\n<p>Dessa forma, dando continuidade ao movimento, a programa\u00e7\u00e3o da pr\u00f3xima semana ser\u00e1 a seguinte:<\/p>\r\n<p>Em Bras\u00edlia<\/p>\r\n<p>Ter\u00e7a-feira (16\/06) \u2013 14:00 - Mobiliza\u00e7\u00e3o na reuni\u00e3o de l\u00edderes da C\u00e2mara dos Deputados<\/p>\r\n<p>Quarta-Feira (17\/06) \u2013 11:00 - Grande Ato P\u00fablico em frente ao pr\u00e9dio da AGU<\/p>\r\n<p>Nos Estados<\/p>\r\n<p>Caber\u00e1 \u00e0s comiss\u00f5es locais decidirem o local e hora dos Atos P\u00fablicos conjuntos.<\/p>","_links":{"self":[{"href":"https:\/\/sinprofaz.org.br\/2024\/wp-json\/wp\/v2\/posts\/2317"}],"collection":[{"href":"https:\/\/sinprofaz.org.br\/2024\/wp-json\/wp\/v2\/posts"}],"about":[{"href":"https:\/\/sinprofaz.org.br\/2024\/wp-json\/wp\/v2\/types\/post"}],"author":[{"embeddable":true,"href":"https:\/\/sinprofaz.org.br\/2024\/wp-json\/wp\/v2\/users\/1"}],"replies":[{"embeddable":true,"href":"https:\/\/sinprofaz.org.br\/2024\/wp-json\/wp\/v2\/comments?post=2317"}],"version-history":[{"count":1,"href":"https:\/\/sinprofaz.org.br\/2024\/wp-json\/wp\/v2\/posts\/2317\/revisions"}],"predecessor-version":[{"id":5013,"href":"https:\/\/sinprofaz.org.br\/2024\/wp-json\/wp\/v2\/posts\/2317\/revisions\/5013"}],"wp:featuredmedia":[{"embeddable":true,"href":"https:\/\/sinprofaz.org.br\/2024\/wp-json\/wp\/v2\/media\/5012"}],"wp:attachment":[{"href":"https:\/\/sinprofaz.org.br\/2024\/wp-json\/wp\/v2\/media?parent=2317"}],"wp:term":[{"taxonomy":"category","embeddable":true,"href":"https:\/\/sinprofaz.org.br\/2024\/wp-json\/wp\/v2\/categories?post=2317"},{"taxonomy":"post_tag","embeddable":true,"href":"https:\/\/sinprofaz.org.br\/2024\/wp-json\/wp\/v2\/tags?post=2317"}],"curies":[{"name":"wp","href":"https:\/\/api.w.org\/{rel}","templated":true}]}}