{"id":2316,"date":"2015-06-12T18:46:41","date_gmt":"2015-06-12T18:46:41","guid":{"rendered":""},"modified":"2016-06-21T13:38:14","modified_gmt":"2016-06-21T13:38:14","slug":"sinprofaz-em-goias-obtem-apoio-da-oab-go-e-de-deputados-federais","status":"publish","type":"post","link":"https:\/\/sinprofaz.org.br\/2024\/noticias\/sinprofaz-em-goias-obtem-apoio-da-oab-go-e-de-deputados-federais\/","title":{"rendered":"SINPROFAZ em Goi\u00e1s obt\u00e9m apoio da OAB\/GO e de Deputados Federais"},"content":{"rendered":"<p><img loading=\"lazy\" decoding=\"async\" style=\"margin-right: 5px; margin-bottom: 10px; float: left;\" alt=\"\" src=\"images\/noticias\/sinprofaz-em-goias-obtem-apoio-da-oab-go-e-de-deputados-federais\/01.jpg\" height=\"157\" width=\"218\" \/>O SINPROFAZ, representado pelos Colegas Roberto Rodrigues e Elmo Duarte, entre outros Colegas Procuradores da Fazenda Nacional, Advogados da Uni\u00e3o, Procuradores Federais e Delegados da Pol\u00edcia Federal em exerc\u00edcio no Estado de Goi\u00e1s, participaram de audi\u00eancia p\u00fablica na manh\u00e3 de hoje (12) na OAB-GO, cuja pauta espec\u00edfica tratou da defesa das PECs 443 e 82 e defesa do Exame de Ordem.<\/p>\n<p>A audi\u00eancia p\u00fablica foi dirigida pelo Presidente da OAB-GO, Dr. Enil Henrique de Souza Filho, e contou com a presen\u00e7a do Deputado Federal Alexandre Baldi (PSDB-GO).<\/p>\n<p>Na oportunidade, o Presidente da OAB-GO reiterou o apoio da Ordem aos pleitos da Advocacia Publica Federal, reafirmando ser aquela uma casa de advogados p\u00fablicos e privados.<\/p>\n<p>Por sua vez, o Deputado Federal Alexandre Baldi reafirmou o seu compromisso com a vota\u00e7\u00e3o e aprova\u00e7\u00e3o das PECs 443 e 82, colocando o seu gabinete e mandato \u00e0 disposi\u00e7\u00e3o dos Advogados P\u00fablicos Federais.<\/p>\n","protected":false},"excerpt":{"rendered":"<p>SINPROFAZ sela apoio institucional da OAB\/GO em favor da Carreira e da PEC 443\/2009 e 82\/2007.<\/p>\n","protected":false},"author":1,"featured_media":5014,"comment_status":"closed","ping_status":"open","sticky":false,"template":"","format":"standard","meta":{"footnotes":""},"categories":[8],"tags":[],"featured_image_url":"https:\/\/sinprofaz.org.br\/2024\/wp-content\/uploads\/2015\/06\/0113-800x198.jpg","character_count":474,"formatted_date":"12\/06\/2015 - 18:46","contentNovo":"<p>O SINPROFAZ, representado pelos Colegas Roberto Rodrigues e Elmo Duarte, entre outros Colegas Procuradores da Fazenda Nacional, Advogados da Uni\u00e3o, Procuradores Federais e Delegados da Pol\u00edcia Federal em exerc\u00edcio no Estado de Goi\u00e1s, participaram de audi\u00eancia p\u00fablica na manh\u00e3 de hoje (12) na OAB-GO, cuja pauta espec\u00edfica tratou da defesa das PECs 443 e 82 e defesa do Exame de Ordem.<\/p>\r\n<p>A audi\u00eancia p\u00fablica foi dirigida pelo Presidente da OAB-GO, Dr. Enil Henrique de Souza Filho, e contou com a presen\u00e7a do Deputado Federal Alexandre Baldi (PSDB-GO).<\/p>\r\n<p>Na oportunidade, o Presidente da OAB-GO reiterou o apoio da Ordem aos pleitos da Advocacia Publica Federal, reafirmando ser aquela uma casa de advogados p\u00fablicos e privados.<\/p>\r\n<p>Por sua vez, o Deputado Federal Alexandre Baldi reafirmou o seu compromisso com a vota\u00e7\u00e3o e aprova\u00e7\u00e3o das PECs 443 e 82, colocando o seu gabinete e mandato \u00e0 disposi\u00e7\u00e3o dos Advogados P\u00fablicos Federais.<\/p>","_links":{"self":[{"href":"https:\/\/sinprofaz.org.br\/2024\/wp-json\/wp\/v2\/posts\/2316"}],"collection":[{"href":"https:\/\/sinprofaz.org.br\/2024\/wp-json\/wp\/v2\/posts"}],"about":[{"href":"https:\/\/sinprofaz.org.br\/2024\/wp-json\/wp\/v2\/types\/post"}],"author":[{"embeddable":true,"href":"https:\/\/sinprofaz.org.br\/2024\/wp-json\/wp\/v2\/users\/1"}],"replies":[{"embeddable":true,"href":"https:\/\/sinprofaz.org.br\/2024\/wp-json\/wp\/v2\/comments?post=2316"}],"version-history":[{"count":2,"href":"https:\/\/sinprofaz.org.br\/2024\/wp-json\/wp\/v2\/posts\/2316\/revisions"}],"predecessor-version":[{"id":5016,"href":"https:\/\/sinprofaz.org.br\/2024\/wp-json\/wp\/v2\/posts\/2316\/revisions\/5016"}],"wp:featuredmedia":[{"embeddable":true,"href":"https:\/\/sinprofaz.org.br\/2024\/wp-json\/wp\/v2\/media\/5014"}],"wp:attachment":[{"href":"https:\/\/sinprofaz.org.br\/2024\/wp-json\/wp\/v2\/media?parent=2316"}],"wp:term":[{"taxonomy":"category","embeddable":true,"href":"https:\/\/sinprofaz.org.br\/2024\/wp-json\/wp\/v2\/categories?post=2316"},{"taxonomy":"post_tag","embeddable":true,"href":"https:\/\/sinprofaz.org.br\/2024\/wp-json\/wp\/v2\/tags?post=2316"}],"curies":[{"name":"wp","href":"https:\/\/api.w.org\/{rel}","templated":true}]}}