{"id":2312,"date":"2015-06-11T16:40:20","date_gmt":"2015-06-11T16:40:20","guid":{"rendered":""},"modified":"2016-06-21T13:51:02","modified_gmt":"2016-06-21T13:51:02","slug":"pec-443-2009-mobilizacao-tem-que-se-intensificar","status":"publish","type":"post","link":"https:\/\/sinprofaz.org.br\/2024\/noticias\/pec-443-2009-mobilizacao-tem-que-se-intensificar\/","title":{"rendered":"PEC 443\/2009: Mobiliza\u00e7\u00e3o tem que se intensificar"},"content":{"rendered":"<p>Centenas de Advogados P\u00fablicos Federais estiveram em Bras\u00edlia, ontem (10), \u00e0 espera de que a PEC 443\/2009 fosse pautada. No entanto, o Presidente da C\u00e2mara Federal, Eduardo Cunha (PMDB-RJ) disse que s\u00f3 pautaria a mat\u00e9ria em agosto.<\/p>\n<p>Desde o in\u00edcio do ano no parlamento, as entidades representativas da APF v\u00eam se mobilizando. Diversas promessas foram feitas \u00e0 Carreira quanto \u00e0 inclus\u00e3o da PEC 443 na pauta. Nenhuma delas foi cumprida.<\/p>\n<p>Na \u00faltima semana, o deputado Tadeu Alencar (PSB-PE) levou o SINPROFAZ e as demais associa\u00e7\u00f5es ao gabinete de v\u00e1rias lideran\u00e7as parlamentares. Ainda que o governo n\u00e3o apoiasse a pauta, alguns l\u00edderes levantaram a quest\u00e3o na reuni\u00e3o com o presidente Eduardo Cunha.<\/p>\n<p>Mesmo com o pedido das lideran\u00e7as do PP, PCdoB, PSB, PV e PPS pela inclus\u00e3o da mat\u00e9ria na pauta, Cunha alegou que s\u00f3 abriria a agenda depois de votar toda a reforma pol\u00edtica e tamb\u00e9m a redu\u00e7\u00e3o da maioridade penal.<\/p>\n<p>O Presidente do SINPROFAZ, Her\u00e1clio Camargo, defende que a press\u00e3o pol\u00edtica sobre o governo seja intensificada. \u201cSe a PEC, supostamente, ser\u00e1 pautada em agosto \u00e9 porque eles n\u00e3o est\u00e3o sentindo press\u00e3o suficiente\u201d.<\/p>\n\n\t\t<style type=\"text\/css\">\n\t\t\t#gallery-1 {\n\t\t\t\tmargin: auto;\n\t\t\t}\n\t\t\t#gallery-1 .gallery-item {\n\t\t\t\tfloat: left;\n\t\t\t\tmargin-top: 10px;\n\t\t\t\ttext-align: center;\n\t\t\t\twidth: 33%;\n\t\t\t}\n\t\t\t#gallery-1 img {\n\t\t\t\tborder: 2px solid #cfcfcf;\n\t\t\t}\n\t\t\t#gallery-1 .gallery-caption {\n\t\t\t\tmargin-left: 0;\n\t\t\t}\n\t\t\t\/* see gallery_shortcode() in wp-includes\/media.php *\/\n\t\t<\/style>\n\t\t<div id='gallery-1' class='gallery galleryid-2312 gallery-columns-3 gallery-size-thumbnail'><dl class='gallery-item'>\n\t\t\t<dt class='gallery-icon landscape'>\n\t\t\t\t<a href='https:\/\/sinprofaz.org.br\/2024\/wp-content\/uploads\/2015\/06\/027.jpg'><img loading=\"lazy\" decoding=\"async\" width=\"150\" height=\"150\" src=\"https:\/\/sinprofaz.org.br\/2024\/wp-content\/uploads\/2015\/06\/027-150x150.jpg\" class=\"attachment-thumbnail size-thumbnail\" alt=\"\" \/><\/a>\n\t\t\t<\/dt><\/dl><dl class='gallery-item'>\n\t\t\t<dt class='gallery-icon landscape'>\n\t\t\t\t<a href='https:\/\/sinprofaz.org.br\/2024\/wp-content\/uploads\/2015\/06\/033.jpg'><img loading=\"lazy\" decoding=\"async\" width=\"150\" height=\"150\" src=\"https:\/\/sinprofaz.org.br\/2024\/wp-content\/uploads\/2015\/06\/033-150x150.jpg\" class=\"attachment-thumbnail size-thumbnail\" alt=\"\" \/><\/a>\n\t\t\t<\/dt><\/dl><dl class='gallery-item'>\n\t\t\t<dt class='gallery-icon landscape'>\n\t\t\t\t<a href='https:\/\/sinprofaz.org.br\/2024\/wp-content\/uploads\/2015\/06\/043.jpg'><img loading=\"lazy\" decoding=\"async\" width=\"150\" height=\"150\" src=\"https:\/\/sinprofaz.org.br\/2024\/wp-content\/uploads\/2015\/06\/043-150x150.jpg\" class=\"attachment-thumbnail size-thumbnail\" alt=\"\" \/><\/a>\n\t\t\t<\/dt><\/dl><br style=\"clear: both\" \/><dl class='gallery-item'>\n\t\t\t<dt class='gallery-icon landscape'>\n\t\t\t\t<a href='https:\/\/sinprofaz.org.br\/2024\/wp-content\/uploads\/2015\/06\/052.jpg'><img loading=\"lazy\" decoding=\"async\" width=\"150\" height=\"150\" src=\"https:\/\/sinprofaz.org.br\/2024\/wp-content\/uploads\/2015\/06\/052-150x150.jpg\" class=\"attachment-thumbnail size-thumbnail\" alt=\"\" \/><\/a>\n\t\t\t<\/dt><\/dl><dl class='gallery-item'>\n\t\t\t<dt class='gallery-icon landscape'>\n\t\t\t\t<a href='https:\/\/sinprofaz.org.br\/2024\/wp-content\/uploads\/2015\/06\/061.jpg'><img loading=\"lazy\" decoding=\"async\" width=\"150\" height=\"150\" src=\"https:\/\/sinprofaz.org.br\/2024\/wp-content\/uploads\/2015\/06\/061-150x150.jpg\" class=\"attachment-thumbnail size-thumbnail\" alt=\"\" \/><\/a>\n\t\t\t<\/dt><\/dl>\n\t\t\t<br style='clear: both' \/>\n\t\t<\/div>\n\n","protected":false},"excerpt":{"rendered":"<p>Centenas de Advogados P\u00fablicos Federais estiveram em Bras\u00edlia, ontem (10), \u00e0 espera de que a PEC 443\/2009 fosse pautada. No entanto, o Presidente da C\u00e2mara Federal, Eduardo Cunha (PMDB-RJ) disse que s\u00f3 pautaria a mat\u00e9ria em agosto.<\/p>\n","protected":false},"author":1,"featured_media":5025,"comment_status":"closed","ping_status":"open","sticky":false,"template":"","format":"standard","meta":{"footnotes":""},"categories":[8],"tags":[],"featured_image_url":"https:\/\/sinprofaz.org.br\/2024\/wp-content\/uploads\/2015\/06\/0116-800x198.jpg","character_count":787,"formatted_date":"11\/06\/2015 - 16:40","contentNovo":"<p>Centenas de Advogados P\u00fablicos Federais estiveram em Bras\u00edlia, ontem (10), \u00e0 espera de que a PEC 443\/2009 fosse pautada. No entanto, o Presidente da C\u00e2mara Federal, Eduardo Cunha (PMDB-RJ) disse que s\u00f3 pautaria a mat\u00e9ria em agosto.<\/p>\r\n<p>Desde o in\u00edcio do ano no parlamento, as entidades representativas da APF v\u00eam se mobilizando. Diversas promessas foram feitas \u00e0 Carreira quanto \u00e0 inclus\u00e3o da PEC 443 na pauta. Nenhuma delas foi cumprida.<\/p>\r\n<p>Na \u00faltima semana, o deputado Tadeu Alencar (PSB-PE) levou o SINPROFAZ e as demais associa\u00e7\u00f5es ao gabinete de v\u00e1rias lideran\u00e7as parlamentares. Ainda que o governo n\u00e3o apoiasse a pauta, alguns l\u00edderes levantaram a quest\u00e3o na reuni\u00e3o com o presidente Eduardo Cunha.<\/p>\r\n<p>Mesmo com o pedido das lideran\u00e7as do PP, PCdoB, PSB, PV e PPS pela inclus\u00e3o da mat\u00e9ria na pauta, Cunha alegou que s\u00f3 abriria a agenda depois de votar toda a reforma pol\u00edtica e tamb\u00e9m a redu\u00e7\u00e3o da maioridade penal.<\/p>\r\n<p>O Presidente do SINPROFAZ, Her\u00e1clio Camargo, defende que a press\u00e3o pol\u00edtica sobre o governo seja intensificada. \u201cSe a PEC, supostamente, ser\u00e1 pautada em agosto \u00e9 porque eles n\u00e3o est\u00e3o sentindo press\u00e3o suficiente\u201d.<\/p>\r\n[gallery link=\"file\" ids=\"5026,5027,5028,5029,5030\"]","_links":{"self":[{"href":"https:\/\/sinprofaz.org.br\/2024\/wp-json\/wp\/v2\/posts\/2312"}],"collection":[{"href":"https:\/\/sinprofaz.org.br\/2024\/wp-json\/wp\/v2\/posts"}],"about":[{"href":"https:\/\/sinprofaz.org.br\/2024\/wp-json\/wp\/v2\/types\/post"}],"author":[{"embeddable":true,"href":"https:\/\/sinprofaz.org.br\/2024\/wp-json\/wp\/v2\/users\/1"}],"replies":[{"embeddable":true,"href":"https:\/\/sinprofaz.org.br\/2024\/wp-json\/wp\/v2\/comments?post=2312"}],"version-history":[{"count":2,"href":"https:\/\/sinprofaz.org.br\/2024\/wp-json\/wp\/v2\/posts\/2312\/revisions"}],"predecessor-version":[{"id":5024,"href":"https:\/\/sinprofaz.org.br\/2024\/wp-json\/wp\/v2\/posts\/2312\/revisions\/5024"}],"wp:featuredmedia":[{"embeddable":true,"href":"https:\/\/sinprofaz.org.br\/2024\/wp-json\/wp\/v2\/media\/5025"}],"wp:attachment":[{"href":"https:\/\/sinprofaz.org.br\/2024\/wp-json\/wp\/v2\/media?parent=2312"}],"wp:term":[{"taxonomy":"category","embeddable":true,"href":"https:\/\/sinprofaz.org.br\/2024\/wp-json\/wp\/v2\/categories?post=2312"},{"taxonomy":"post_tag","embeddable":true,"href":"https:\/\/sinprofaz.org.br\/2024\/wp-json\/wp\/v2\/tags?post=2312"}],"curies":[{"name":"wp","href":"https:\/\/api.w.org\/{rel}","templated":true}]}}