{"id":2309,"date":"2015-06-10T14:39:55","date_gmt":"2015-06-10T14:39:55","guid":{"rendered":""},"modified":"2016-06-21T14:26:20","modified_gmt":"2016-06-21T14:26:20","slug":"lider-do-psb-reune-se-com-membros-da-advocacia-geral-da-uniao","status":"publish","type":"post","link":"https:\/\/sinprofaz.org.br\/2024\/noticias\/lider-do-psb-reune-se-com-membros-da-advocacia-geral-da-uniao\/","title":{"rendered":"L\u00edder do PSB re\u00fane-se com membros da Advocacia-Geral da Uni\u00e3o"},"content":{"rendered":"<p>O deputado Fernado Coelho Filho (PSB-PE) declarou apoio \u00e0s demandas das Carreiras da AGU. Em reuni\u00e3o na \u00faltima ter\u00e7a (9), o parlamentar disse ser favor\u00e1vel \u00e0 PEC 443\/2009.<\/p>\n<p>A proposta garante simetria salarial entre todas as carreiras jur\u00eddicas e acabando, assim, com o tratamento diferenciado. Das Fun\u00e7\u00f5es Essenciais \u00e0 Justi\u00e7a, a AGU \u00e9 a \u00fanica que ainda n\u00e3o possui paridade salarial com a magistratura.<\/p>\n<p>A bancada do PSB est\u00e1 alinhada aos pleitos da Advocacia P\u00fablica Federal e tem se mobilizado em prol da Carreira na C\u00e2mara Federal.<\/p>\n\n\t\t<style type=\"text\/css\">\n\t\t\t#gallery-1 {\n\t\t\t\tmargin: auto;\n\t\t\t}\n\t\t\t#gallery-1 .gallery-item {\n\t\t\t\tfloat: left;\n\t\t\t\tmargin-top: 10px;\n\t\t\t\ttext-align: center;\n\t\t\t\twidth: 33%;\n\t\t\t}\n\t\t\t#gallery-1 img {\n\t\t\t\tborder: 2px solid #cfcfcf;\n\t\t\t}\n\t\t\t#gallery-1 .gallery-caption {\n\t\t\t\tmargin-left: 0;\n\t\t\t}\n\t\t\t\/* see gallery_shortcode() in wp-includes\/media.php *\/\n\t\t<\/style>\n\t\t<div id='gallery-1' class='gallery galleryid-2309 gallery-columns-3 gallery-size-thumbnail'><dl class='gallery-item'>\n\t\t\t<dt class='gallery-icon landscape'>\n\t\t\t\t<a href='https:\/\/sinprofaz.org.br\/2024\/wp-content\/uploads\/2015\/06\/0210.jpg'><img loading=\"lazy\" decoding=\"async\" width=\"150\" height=\"150\" src=\"https:\/\/sinprofaz.org.br\/2024\/wp-content\/uploads\/2015\/06\/0210-150x150.jpg\" class=\"attachment-thumbnail size-thumbnail\" alt=\"\" \/><\/a>\n\t\t\t<\/dt><\/dl><dl class='gallery-item'>\n\t\t\t<dt class='gallery-icon landscape'>\n\t\t\t\t<a href='https:\/\/sinprofaz.org.br\/2024\/wp-content\/uploads\/2015\/06\/035.jpg'><img loading=\"lazy\" decoding=\"async\" width=\"150\" height=\"150\" src=\"https:\/\/sinprofaz.org.br\/2024\/wp-content\/uploads\/2015\/06\/035-150x150.jpg\" class=\"attachment-thumbnail size-thumbnail\" alt=\"\" \/><\/a>\n\t\t\t<\/dt><\/dl>\n\t\t\t<br style='clear: both' \/>\n\t\t<\/div>\n\n","protected":false},"excerpt":{"rendered":"<p>O deputado Fernado Coelho Filho (PSB-PE) declarou apoio \u00e0s demandas das Carreiras da AGU. Em reuni\u00e3o na \u00faltima ter\u00e7a (9), o parlamentar disse ser favor\u00e1vel \u00e0 PEC 443\/2009.<\/p>\n","protected":false},"author":1,"featured_media":5045,"comment_status":"closed","ping_status":"open","sticky":false,"template":"","format":"standard","meta":{"footnotes":""},"categories":[8],"tags":[],"featured_image_url":"https:\/\/sinprofaz.org.br\/2024\/wp-content\/uploads\/2015\/06\/0120-800x198.jpg","character_count":460,"formatted_date":"10\/06\/2015 - 14:39","contentNovo":"O deputado Fernado Coelho Filho (PSB-PE) declarou apoio \u00e0s demandas das Carreiras da AGU. Em reuni\u00e3o na \u00faltima ter\u00e7a (9), o parlamentar disse ser favor\u00e1vel \u00e0 PEC 443\/2009.\r\n\r\nA proposta garante simetria salarial entre todas as carreiras jur\u00eddicas e acabando, assim, com o tratamento diferenciado. Das Fun\u00e7\u00f5es Essenciais \u00e0 Justi\u00e7a, a AGU \u00e9 a \u00fanica que ainda n\u00e3o possui paridade salarial com a magistratura.\r\n\r\nA bancada do PSB est\u00e1 alinhada aos pleitos da Advocacia P\u00fablica Federal e tem se mobilizado em prol da Carreira na C\u00e2mara Federal.\r\n\r\n[gallery link=\"file\" ids=\"5043,5044\"]","_links":{"self":[{"href":"https:\/\/sinprofaz.org.br\/2024\/wp-json\/wp\/v2\/posts\/2309"}],"collection":[{"href":"https:\/\/sinprofaz.org.br\/2024\/wp-json\/wp\/v2\/posts"}],"about":[{"href":"https:\/\/sinprofaz.org.br\/2024\/wp-json\/wp\/v2\/types\/post"}],"author":[{"embeddable":true,"href":"https:\/\/sinprofaz.org.br\/2024\/wp-json\/wp\/v2\/users\/1"}],"replies":[{"embeddable":true,"href":"https:\/\/sinprofaz.org.br\/2024\/wp-json\/wp\/v2\/comments?post=2309"}],"version-history":[{"count":2,"href":"https:\/\/sinprofaz.org.br\/2024\/wp-json\/wp\/v2\/posts\/2309\/revisions"}],"predecessor-version":[{"id":5046,"href":"https:\/\/sinprofaz.org.br\/2024\/wp-json\/wp\/v2\/posts\/2309\/revisions\/5046"}],"wp:featuredmedia":[{"embeddable":true,"href":"https:\/\/sinprofaz.org.br\/2024\/wp-json\/wp\/v2\/media\/5045"}],"wp:attachment":[{"href":"https:\/\/sinprofaz.org.br\/2024\/wp-json\/wp\/v2\/media?parent=2309"}],"wp:term":[{"taxonomy":"category","embeddable":true,"href":"https:\/\/sinprofaz.org.br\/2024\/wp-json\/wp\/v2\/categories?post=2309"},{"taxonomy":"post_tag","embeddable":true,"href":"https:\/\/sinprofaz.org.br\/2024\/wp-json\/wp\/v2\/tags?post=2309"}],"curies":[{"name":"wp","href":"https:\/\/api.w.org\/{rel}","templated":true}]}}