{"id":2300,"date":"2015-06-01T21:15:21","date_gmt":"2015-06-01T21:15:21","guid":{"rendered":""},"modified":"2016-06-23T12:36:44","modified_gmt":"2016-06-23T12:36:44","slug":"sinprofaz-reune-se-com-parlamentares-na-camara-dos-deputados","status":"publish","type":"post","link":"https:\/\/sinprofaz.org.br\/2024\/noticias\/sinprofaz-reune-se-com-parlamentares-na-camara-dos-deputados\/","title":{"rendered":"SINPROFAZ re\u00fane-se com parlamentares na C\u00e2mara dos Deputados"},"content":{"rendered":"<p>O SINPROFAZ e demais entidades da Advocacia P\u00fablica Federal reuniram-se com o vice- l\u00edder do PP, Fernando Monteiro, e com os deputados federais Tadeu Alencar (PSB\/PE) e Cac\u00e1 Le\u00e3o (PP\/BA), nesta segunda-feira (01\/06), em Bras\u00edlia\/DF.<\/p>\n<p>Durante o encontro, o presidente do SINPROFAZ, Her\u00e1clio Camargo, solicitou a inclus\u00e3o na pauta e a vota\u00e7\u00e3o da PEC 443\/2009, que prev\u00ea a simetria remunerat\u00f3ria entre as Fun\u00e7\u00f5es Essenciais da Justi\u00e7a.<\/p>\n<p><strong>Mobiliza\u00e7\u00e3o<\/strong><\/p>\n<p>Nos dias 9 e 10 de junho, o SINPROFAZ e entidades da Advocacia P\u00fablica Federal far\u00e3o uma grande mobiliza\u00e7\u00e3o na C\u00e2mara dos Deputados como forma de acelerar a vota\u00e7\u00e3o da PEC 443.<\/p>\n\n\t\t<style type=\"text\/css\">\n\t\t\t#gallery-1 {\n\t\t\t\tmargin: auto;\n\t\t\t}\n\t\t\t#gallery-1 .gallery-item {\n\t\t\t\tfloat: left;\n\t\t\t\tmargin-top: 10px;\n\t\t\t\ttext-align: center;\n\t\t\t\twidth: 33%;\n\t\t\t}\n\t\t\t#gallery-1 img {\n\t\t\t\tborder: 2px solid #cfcfcf;\n\t\t\t}\n\t\t\t#gallery-1 .gallery-caption {\n\t\t\t\tmargin-left: 0;\n\t\t\t}\n\t\t\t\/* see gallery_shortcode() in wp-includes\/media.php *\/\n\t\t<\/style>\n\t\t<div id='gallery-1' class='gallery galleryid-2300 gallery-columns-3 gallery-size-thumbnail'><dl class='gallery-item'>\n\t\t\t<dt class='gallery-icon landscape'>\n\t\t\t\t<a href='https:\/\/sinprofaz.org.br\/2024\/wp-content\/uploads\/2015\/06\/0216.jpg'><img loading=\"lazy\" decoding=\"async\" width=\"150\" height=\"150\" src=\"https:\/\/sinprofaz.org.br\/2024\/wp-content\/uploads\/2015\/06\/0216-150x150.jpg\" class=\"attachment-thumbnail size-thumbnail\" alt=\"\" \/><\/a>\n\t\t\t<\/dt><\/dl><dl class='gallery-item'>\n\t\t\t<dt class='gallery-icon landscape'>\n\t\t\t\t<a href='https:\/\/sinprofaz.org.br\/2024\/wp-content\/uploads\/2015\/06\/038.jpg'><img loading=\"lazy\" decoding=\"async\" width=\"150\" height=\"150\" src=\"https:\/\/sinprofaz.org.br\/2024\/wp-content\/uploads\/2015\/06\/038-150x150.jpg\" class=\"attachment-thumbnail size-thumbnail\" alt=\"\" \/><\/a>\n\t\t\t<\/dt><\/dl><dl class='gallery-item'>\n\t\t\t<dt class='gallery-icon landscape'>\n\t\t\t\t<a href='https:\/\/sinprofaz.org.br\/2024\/wp-content\/uploads\/2015\/06\/044.jpg'><img loading=\"lazy\" decoding=\"async\" width=\"150\" height=\"150\" src=\"https:\/\/sinprofaz.org.br\/2024\/wp-content\/uploads\/2015\/06\/044-150x150.jpg\" class=\"attachment-thumbnail size-thumbnail\" alt=\"\" \/><\/a>\n\t\t\t<\/dt><\/dl><br style=\"clear: both\" \/><dl class='gallery-item'>\n\t\t\t<dt class='gallery-icon landscape'>\n\t\t\t\t<a href='https:\/\/sinprofaz.org.br\/2024\/wp-content\/uploads\/2015\/06\/053.jpg'><img loading=\"lazy\" decoding=\"async\" width=\"150\" height=\"150\" src=\"https:\/\/sinprofaz.org.br\/2024\/wp-content\/uploads\/2015\/06\/053-150x150.jpg\" class=\"attachment-thumbnail size-thumbnail\" alt=\"\" \/><\/a>\n\t\t\t<\/dt><\/dl>\n\t\t\t<br style='clear: both' \/>\n\t\t<\/div>\n\n","protected":false},"excerpt":{"rendered":"<p>O SINPROFAZ e demais entidades da Advocacia P\u00fablica Federal reuniram-se com o vice- l\u00edder do PP, Fernando Monteiro, e com os deputados federais Tadeu Alencar (PSB\/PE) e Cac\u00e1 Le\u00e3o (PP\/BA), nesta segunda-feira (01\/06), em Bras\u00edlia\/DF.<\/p>\n","protected":false},"author":1,"featured_media":5106,"comment_status":"closed","ping_status":"open","sticky":false,"template":"","format":"standard","meta":{"footnotes":""},"categories":[8],"tags":[],"featured_image_url":"https:\/\/sinprofaz.org.br\/2024\/wp-content\/uploads\/2015\/06\/0127-760x198.jpg","character_count":520,"formatted_date":"01\/06\/2015 - 21:15","contentNovo":"<p>O SINPROFAZ e demais entidades da Advocacia P\u00fablica Federal reuniram-se com o vice- l\u00edder do PP, Fernando Monteiro, e com os deputados federais Tadeu Alencar (PSB\/PE) e Cac\u00e1 Le\u00e3o (PP\/BA), nesta segunda-feira (01\/06), em Bras\u00edlia\/DF.<\/p>\r\n<p>Durante o encontro, o presidente do SINPROFAZ, Her\u00e1clio Camargo, solicitou a inclus\u00e3o na pauta e a vota\u00e7\u00e3o da PEC 443\/2009, que prev\u00ea a simetria remunerat\u00f3ria entre as Fun\u00e7\u00f5es Essenciais da Justi\u00e7a.<\/p>\r\n<p><strong>Mobiliza\u00e7\u00e3o<\/strong><\/p>\r\n<p>Nos dias 9 e 10 de junho, o SINPROFAZ e entidades da Advocacia P\u00fablica Federal far\u00e3o uma grande mobiliza\u00e7\u00e3o na C\u00e2mara dos Deputados como forma de acelerar a vota\u00e7\u00e3o da PEC 443.<\/p>\r\n[gallery link=\"file\" ids=\"5107,5108,5109,5110\"]\r\n","_links":{"self":[{"href":"https:\/\/sinprofaz.org.br\/2024\/wp-json\/wp\/v2\/posts\/2300"}],"collection":[{"href":"https:\/\/sinprofaz.org.br\/2024\/wp-json\/wp\/v2\/posts"}],"about":[{"href":"https:\/\/sinprofaz.org.br\/2024\/wp-json\/wp\/v2\/types\/post"}],"author":[{"embeddable":true,"href":"https:\/\/sinprofaz.org.br\/2024\/wp-json\/wp\/v2\/users\/1"}],"replies":[{"embeddable":true,"href":"https:\/\/sinprofaz.org.br\/2024\/wp-json\/wp\/v2\/comments?post=2300"}],"version-history":[{"count":2,"href":"https:\/\/sinprofaz.org.br\/2024\/wp-json\/wp\/v2\/posts\/2300\/revisions"}],"predecessor-version":[{"id":5105,"href":"https:\/\/sinprofaz.org.br\/2024\/wp-json\/wp\/v2\/posts\/2300\/revisions\/5105"}],"wp:featuredmedia":[{"embeddable":true,"href":"https:\/\/sinprofaz.org.br\/2024\/wp-json\/wp\/v2\/media\/5106"}],"wp:attachment":[{"href":"https:\/\/sinprofaz.org.br\/2024\/wp-json\/wp\/v2\/media?parent=2300"}],"wp:term":[{"taxonomy":"category","embeddable":true,"href":"https:\/\/sinprofaz.org.br\/2024\/wp-json\/wp\/v2\/categories?post=2300"},{"taxonomy":"post_tag","embeddable":true,"href":"https:\/\/sinprofaz.org.br\/2024\/wp-json\/wp\/v2\/tags?post=2300"}],"curies":[{"name":"wp","href":"https:\/\/api.w.org\/{rel}","templated":true}]}}