{"id":2296,"date":"2015-05-29T20:38:07","date_gmt":"2015-05-29T20:38:07","guid":{"rendered":""},"modified":"2016-06-23T12:42:16","modified_gmt":"2016-06-23T12:42:16","slug":"tv-sinprofaz-entrevista-advogados-publicos-federais","status":"publish","type":"post","link":"https:\/\/sinprofaz.org.br\/2024\/noticias\/tv-sinprofaz-entrevista-advogados-publicos-federais\/","title":{"rendered":"TV SINPROFAZ entrevista Advogados P\u00fablicos Federais"},"content":{"rendered":"<p>Os Procuradores da Fazenda Nacional e demais integrantes das Carreiras da Advocacia-Geral da Uni\u00e3o concederam entrevista na \u00faltima quinta-feira (28\/05) \u00e0 TV SINPROFAZ.<\/p>\n<p>Os Colegas ressaltaram a import\u00e2ncia de valorizar o Advogado P\u00fablico Federal que desempenha uma Fun\u00e7\u00e3o Essencial \u00e0 Justi\u00e7a, \u00e0 governabilidade, \u00e0 seguran\u00e7a jur\u00eddica, \u00e0 defesa do Er\u00e1rio e \u00e0 manuten\u00e7\u00e3o de programas e pol\u00edticas p\u00fablicas fundamentais para o cidad\u00e3o.<\/p>\n<p>A aprova\u00e7\u00e3o das PECS 443\/2009 e 82\/2007, a campanha do Soneg\u00f4metro de iniciativa do SINPROFAZ e a mobiliza\u00e7\u00e3o das entidades representativas no Dia Nacional de Paralisa\u00e7\u00e3o da Advocacia P\u00fablica Federal, realizada no dia 28 de maio, em todo o pa\u00eds tamb\u00e9m foram destacados.<\/p>\n<p style=\"text-align: center;\"><iframe loading=\"lazy\" src=\"http:\/\/www.youtube.com\/embed\/xgqk1KDnx6U?autohide=2&amp;autoplay=0&amp;controls=0&amp;disablekb=0&amp;fs=0&amp;hd=0&amp;loop=0&amp;rel=0&amp;showinfo=0&amp;showsearch=0&amp;wmode=transparent&amp;enablejsapi=1\" width=\"139\" height=\"100\" style=\"margin-rigth: 5px; margin-bottom: 10px;\"><\/iframe> <iframe loading=\"lazy\" src=\"http:\/\/www.youtube.com\/embed\/8153o2ZY6kk?autohide=2&amp;autoplay=0&amp;controls=0&amp;disablekb=0&amp;fs=0&amp;hd=0&amp;loop=0&amp;rel=0&amp;showinfo=0&amp;showsearch=0&amp;wmode=transparent&amp;enablejsapi=1\" width=\"139\" height=\"100\" style=\"margin-rigth: 5px; margin-bottom: 10px;\"><\/iframe> <iframe loading=\"lazy\" src=\"http:\/\/www.youtube.com\/embed\/Az-haDH5Fbo?autohide=2&amp;autoplay=0&amp;controls=0&amp;disablekb=0&amp;fs=0&amp;hd=0&amp;loop=0&amp;rel=0&amp;showinfo=0&amp;showsearch=0&amp;wmode=transparent&amp;enablejsapi=1\" width=\"139\" height=\"100\" style=\"margin-rigth: 5px; margin-bottom: 10px;\"><\/iframe> <iframe loading=\"lazy\" src=\"http:\/\/www.youtube.com\/embed\/gBK6E4xUDB8?autohide=2&amp;autoplay=0&amp;controls=0&amp;disablekb=0&amp;fs=0&amp;hd=0&amp;loop=0&amp;rel=0&amp;showinfo=0&amp;showsearch=0&amp;wmode=transparent&amp;enablejsapi=1\" width=\"139\" height=\"100\" style=\"margin-rigth: 5px; margin-bottom: 10px;\"><\/iframe> <iframe loading=\"lazy\" src=\"http:\/\/www.youtube.com\/embed\/qZKajA0Q4w4?autohide=2&amp;autoplay=0&amp;controls=0&amp;disablekb=0&amp;fs=0&amp;hd=0&amp;loop=0&amp;rel=0&amp;showinfo=0&amp;showsearch=0&amp;wmode=transparent&amp;enablejsapi=1\" width=\"139\" height=\"100\" style=\"margin-rigth: 5px; margin-bottom: 10px;\"><\/iframe><\/p>\n","protected":false},"excerpt":{"rendered":"<p>Os Procuradores da Fazenda Nacional e demais integrantes das Carreiras da Advocacia-Geral da Uni\u00e3o concederam entrevista na \u00faltima quinta-feira (28\/05) \u00e0 TV SINPROFAZ.<\/p>\n","protected":false},"author":1,"featured_media":5120,"comment_status":"closed","ping_status":"open","sticky":false,"template":"","format":"standard","meta":{"footnotes":""},"categories":[8],"tags":[],"featured_image_url":"https:\/\/sinprofaz.org.br\/2024\/wp-content\/uploads\/2015\/05\/01.jpg","character_count":368,"formatted_date":"29\/05\/2015 - 20:38","contentNovo":"<p>Os Procuradores da Fazenda Nacional e demais integrantes das Carreiras da Advocacia-Geral da Uni\u00e3o concederam entrevista na \u00faltima quinta-feira (28\/05) \u00e0 TV SINPROFAZ.<\/p>\r\n<p>Os Colegas ressaltaram a import\u00e2ncia de valorizar o Advogado P\u00fablico Federal que desempenha uma Fun\u00e7\u00e3o Essencial \u00e0 Justi\u00e7a, \u00e0 governabilidade, \u00e0 seguran\u00e7a jur\u00eddica, \u00e0 defesa do Er\u00e1rio e \u00e0 manuten\u00e7\u00e3o de programas e pol\u00edticas p\u00fablicas fundamentais para o cidad\u00e3o.<\/p>\r\n<p>A aprova\u00e7\u00e3o das PECS 443\/2009 e 82\/2007, a campanha do Soneg\u00f4metro de iniciativa do SINPROFAZ e a mobiliza\u00e7\u00e3o das entidades representativas no Dia Nacional de Paralisa\u00e7\u00e3o da Advocacia P\u00fablica Federal, realizada no dia 28 de maio, em todo o pa\u00eds tamb\u00e9m foram destacados.<\/p>\r\n<p style=\"text-align: center;\">    <\/p>","_links":{"self":[{"href":"https:\/\/sinprofaz.org.br\/2024\/wp-json\/wp\/v2\/posts\/2296"}],"collection":[{"href":"https:\/\/sinprofaz.org.br\/2024\/wp-json\/wp\/v2\/posts"}],"about":[{"href":"https:\/\/sinprofaz.org.br\/2024\/wp-json\/wp\/v2\/types\/post"}],"author":[{"embeddable":true,"href":"https:\/\/sinprofaz.org.br\/2024\/wp-json\/wp\/v2\/users\/1"}],"replies":[{"embeddable":true,"href":"https:\/\/sinprofaz.org.br\/2024\/wp-json\/wp\/v2\/comments?post=2296"}],"version-history":[{"count":1,"href":"https:\/\/sinprofaz.org.br\/2024\/wp-json\/wp\/v2\/posts\/2296\/revisions"}],"predecessor-version":[{"id":5121,"href":"https:\/\/sinprofaz.org.br\/2024\/wp-json\/wp\/v2\/posts\/2296\/revisions\/5121"}],"wp:featuredmedia":[{"embeddable":true,"href":"https:\/\/sinprofaz.org.br\/2024\/wp-json\/wp\/v2\/media\/5120"}],"wp:attachment":[{"href":"https:\/\/sinprofaz.org.br\/2024\/wp-json\/wp\/v2\/media?parent=2296"}],"wp:term":[{"taxonomy":"category","embeddable":true,"href":"https:\/\/sinprofaz.org.br\/2024\/wp-json\/wp\/v2\/categories?post=2296"},{"taxonomy":"post_tag","embeddable":true,"href":"https:\/\/sinprofaz.org.br\/2024\/wp-json\/wp\/v2\/tags?post=2296"}],"curies":[{"name":"wp","href":"https:\/\/api.w.org\/{rel}","templated":true}]}}