{"id":2290,"date":"2015-05-29T14:32:24","date_gmt":"2015-05-29T14:32:24","guid":{"rendered":""},"modified":"2016-06-23T12:59:56","modified_gmt":"2016-06-23T12:59:56","slug":"advogados-publicos-federais-protestam-em-recife","status":"publish","type":"post","link":"https:\/\/sinprofaz.org.br\/2024\/noticias\/advogados-publicos-federais-protestam-em-recife\/","title":{"rendered":"Advogados P\u00fablicos Federais protestam em Recife"},"content":{"rendered":"<p>Na \u00faltima quinta-feira (28), PFNs e Colegas das demais Carreiras da Advocacia-Geral da Uni\u00e3o se mobilizaram em Recife.<\/p>\n<p>O ato \u00e9 um protesto contra o sucateamento da PGFN e da AGU, que n\u00e3o contam com estrutura administrativa adequada para funcionar.<\/p>\n<p>Al\u00e9m disso, os Colegas reivindicam a aprova\u00e7\u00e3o da PEC 443\/2009 e da PEC 82\/2007.<\/p>\n","protected":false},"excerpt":{"rendered":"<p>Na \u00faltima quinta-feira (28), PFNs e Colegas das demais Carreiras da Advocacia-Geral da Uni\u00e3o se mobilizaram em Recife.<\/p>\n","protected":false},"author":1,"featured_media":5136,"comment_status":"closed","ping_status":"open","sticky":false,"template":"","format":"standard","meta":{"footnotes":""},"categories":[8],"tags":[],"featured_image_url":"https:\/\/sinprofaz.org.br\/2024\/wp-content\/uploads\/2015\/05\/016-800x198.jpg","character_count":168,"formatted_date":"29\/05\/2015 - 14:32","contentNovo":"<p>Na \u00faltima quinta-feira (28), PFNs e Colegas das demais Carreiras da Advocacia-Geral da Uni\u00e3o se mobilizaram em Recife.<\/p>\r\n<p>O ato \u00e9 um protesto contra o sucateamento da PGFN e da AGU, que n\u00e3o contam com estrutura administrativa adequada para funcionar.<\/p>\r\n<p>Al\u00e9m disso, os Colegas reivindicam a aprova\u00e7\u00e3o da PEC 443\/2009 e da PEC 82\/2007.<\/p>","_links":{"self":[{"href":"https:\/\/sinprofaz.org.br\/2024\/wp-json\/wp\/v2\/posts\/2290"}],"collection":[{"href":"https:\/\/sinprofaz.org.br\/2024\/wp-json\/wp\/v2\/posts"}],"about":[{"href":"https:\/\/sinprofaz.org.br\/2024\/wp-json\/wp\/v2\/types\/post"}],"author":[{"embeddable":true,"href":"https:\/\/sinprofaz.org.br\/2024\/wp-json\/wp\/v2\/users\/1"}],"replies":[{"embeddable":true,"href":"https:\/\/sinprofaz.org.br\/2024\/wp-json\/wp\/v2\/comments?post=2290"}],"version-history":[{"count":1,"href":"https:\/\/sinprofaz.org.br\/2024\/wp-json\/wp\/v2\/posts\/2290\/revisions"}],"predecessor-version":[{"id":5137,"href":"https:\/\/sinprofaz.org.br\/2024\/wp-json\/wp\/v2\/posts\/2290\/revisions\/5137"}],"wp:featuredmedia":[{"embeddable":true,"href":"https:\/\/sinprofaz.org.br\/2024\/wp-json\/wp\/v2\/media\/5136"}],"wp:attachment":[{"href":"https:\/\/sinprofaz.org.br\/2024\/wp-json\/wp\/v2\/media?parent=2290"}],"wp:term":[{"taxonomy":"category","embeddable":true,"href":"https:\/\/sinprofaz.org.br\/2024\/wp-json\/wp\/v2\/categories?post=2290"},{"taxonomy":"post_tag","embeddable":true,"href":"https:\/\/sinprofaz.org.br\/2024\/wp-json\/wp\/v2\/tags?post=2290"}],"curies":[{"name":"wp","href":"https:\/\/api.w.org\/{rel}","templated":true}]}}