{"id":2289,"date":"2015-05-28T11:59:50","date_gmt":"2015-05-28T11:59:50","guid":{"rendered":""},"modified":"2016-06-23T19:06:19","modified_gmt":"2016-06-23T19:06:19","slug":"mobilizacao-no-rio-de-janeiro","status":"publish","type":"post","link":"https:\/\/sinprofaz.org.br\/2024\/noticias\/mobilizacao-no-rio-de-janeiro\/","title":{"rendered":"Mobiliza\u00e7\u00e3o no Rio de Janeiro"},"content":{"rendered":"<p>Os advogados P\u00fablicos Federais tamb\u00e9m participaram nesta quinta-feira de protesto no Rio de Janeiro.<\/p>\n<p>O Ato P\u00fablico faz parte do Dia Nacional de Paralisa\u00e7\u00e3o da Advocacia P\u00fablica Federal realizado em todo o pa\u00eds no dia 28 de maio.<\/p>\n<p>Os Colegas reivindicam a aprova\u00e7\u00e3o da PEC 82 conhecida como PEC da Probidade, que prop\u00f5e o fortalecimento da gest\u00e3o p\u00fablica atrav\u00e9s do fortalecimento das Institui\u00e7\u00f5es da Advocacia P\u00fablica, o combate efetivo \u00e0 corrup\u00e7\u00e3o e \u00e0 sonega\u00e7\u00e3o fiscal atrav\u00e9s da valoriza\u00e7\u00e3o das Carreiras da AGU.<\/p>\n","protected":false},"excerpt":{"rendered":"<p>Os advogados P\u00fablicos Federais tamb\u00e9m participaram nesta quinta-feira de protesto no Rio de Janeiro.<\/p>\n","protected":false},"author":1,"featured_media":5189,"comment_status":"closed","ping_status":"open","sticky":false,"template":"","format":"standard","meta":{"footnotes":""},"categories":[8],"tags":[],"featured_image_url":"https:\/\/sinprofaz.org.br\/2024\/wp-content\/uploads\/2015\/05\/0114-800x198.jpg","character_count":270,"formatted_date":"28\/05\/2015 - 11:59","contentNovo":"<p>Os advogados P\u00fablicos Federais tamb\u00e9m participaram nesta quinta-feira de protesto no Rio de Janeiro.<\/p>\r\n<p>O Ato P\u00fablico faz parte do Dia Nacional de Paralisa\u00e7\u00e3o da Advocacia P\u00fablica Federal realizado em todo o pa\u00eds no dia 28 de maio.<\/p>\r\n<p>Os Colegas reivindicam a aprova\u00e7\u00e3o da PEC 82 conhecida como PEC da Probidade, que prop\u00f5e o fortalecimento da gest\u00e3o p\u00fablica atrav\u00e9s do fortalecimento das Institui\u00e7\u00f5es da Advocacia P\u00fablica, o combate efetivo \u00e0 corrup\u00e7\u00e3o e \u00e0 sonega\u00e7\u00e3o fiscal atrav\u00e9s da valoriza\u00e7\u00e3o das Carreiras da AGU.<\/p>","_links":{"self":[{"href":"https:\/\/sinprofaz.org.br\/2024\/wp-json\/wp\/v2\/posts\/2289"}],"collection":[{"href":"https:\/\/sinprofaz.org.br\/2024\/wp-json\/wp\/v2\/posts"}],"about":[{"href":"https:\/\/sinprofaz.org.br\/2024\/wp-json\/wp\/v2\/types\/post"}],"author":[{"embeddable":true,"href":"https:\/\/sinprofaz.org.br\/2024\/wp-json\/wp\/v2\/users\/1"}],"replies":[{"embeddable":true,"href":"https:\/\/sinprofaz.org.br\/2024\/wp-json\/wp\/v2\/comments?post=2289"}],"version-history":[{"count":2,"href":"https:\/\/sinprofaz.org.br\/2024\/wp-json\/wp\/v2\/posts\/2289\/revisions"}],"predecessor-version":[{"id":5190,"href":"https:\/\/sinprofaz.org.br\/2024\/wp-json\/wp\/v2\/posts\/2289\/revisions\/5190"}],"wp:featuredmedia":[{"embeddable":true,"href":"https:\/\/sinprofaz.org.br\/2024\/wp-json\/wp\/v2\/media\/5189"}],"wp:attachment":[{"href":"https:\/\/sinprofaz.org.br\/2024\/wp-json\/wp\/v2\/media?parent=2289"}],"wp:term":[{"taxonomy":"category","embeddable":true,"href":"https:\/\/sinprofaz.org.br\/2024\/wp-json\/wp\/v2\/categories?post=2289"},{"taxonomy":"post_tag","embeddable":true,"href":"https:\/\/sinprofaz.org.br\/2024\/wp-json\/wp\/v2\/tags?post=2289"}],"curies":[{"name":"wp","href":"https:\/\/api.w.org\/{rel}","templated":true}]}}