{"id":2282,"date":"2015-05-28T22:46:51","date_gmt":"2015-05-28T22:46:51","guid":{"rendered":""},"modified":"2016-06-23T18:37:46","modified_gmt":"2016-06-23T18:37:46","slug":"pfns-participam-de-mobilizacao-em-sp","status":"publish","type":"post","link":"https:\/\/sinprofaz.org.br\/2024\/noticias\/pfns-participam-de-mobilizacao-em-sp\/","title":{"rendered":"PFNS participam de mobiliza\u00e7\u00e3o em SP"},"content":{"rendered":"<p>Nesta quinta-feira (28\/05), os Procuradores da Fazenda Nacional participaram de manifesta\u00e7\u00e3o em prol do Dia Nacional de Paralisa\u00e7\u00e3o da Advocacia P\u00fablica Federal.<\/p>\n<p>O ato p\u00fablico realizado em S\u00e3o Paulo faz parte da campanha do SINPROFAZ com as demais entidades representativas e tem como um dos objetivos denunciar a grave crise institucional da Advocacia Geral da Uni\u00e3o.<\/p>\n","protected":false},"excerpt":{"rendered":"<p>Nesta quinta-feira (28\/05), os Procuradores da Fazenda Nacional participaram de manifesta\u00e7\u00e3o em prol do Dia Nacional de Paralisa\u00e7\u00e3o da Advocacia P\u00fablica Federal.<\/p>\n","protected":false},"author":1,"featured_media":5150,"comment_status":"closed","ping_status":"open","sticky":false,"template":"","format":"standard","meta":{"footnotes":""},"categories":[8],"tags":[],"featured_image_url":"https:\/\/sinprofaz.org.br\/2024\/wp-content\/uploads\/2015\/05\/0111-800x198.jpg","character_count":189,"formatted_date":"28\/05\/2015 - 22:46","contentNovo":"<p>Nesta quinta-feira (28\/05), os Procuradores da Fazenda Nacional participaram de manifesta\u00e7\u00e3o em prol do Dia Nacional de Paralisa\u00e7\u00e3o da Advocacia P\u00fablica Federal.<\/p>\r\n<p>O ato p\u00fablico realizado em S\u00e3o Paulo faz parte da campanha do SINPROFAZ com as demais entidades representativas e tem como um dos objetivos denunciar a grave crise institucional da Advocacia Geral da Uni\u00e3o.<\/p>","_links":{"self":[{"href":"https:\/\/sinprofaz.org.br\/2024\/wp-json\/wp\/v2\/posts\/2282"}],"collection":[{"href":"https:\/\/sinprofaz.org.br\/2024\/wp-json\/wp\/v2\/posts"}],"about":[{"href":"https:\/\/sinprofaz.org.br\/2024\/wp-json\/wp\/v2\/types\/post"}],"author":[{"embeddable":true,"href":"https:\/\/sinprofaz.org.br\/2024\/wp-json\/wp\/v2\/users\/1"}],"replies":[{"embeddable":true,"href":"https:\/\/sinprofaz.org.br\/2024\/wp-json\/wp\/v2\/comments?post=2282"}],"version-history":[{"count":2,"href":"https:\/\/sinprofaz.org.br\/2024\/wp-json\/wp\/v2\/posts\/2282\/revisions"}],"predecessor-version":[{"id":5152,"href":"https:\/\/sinprofaz.org.br\/2024\/wp-json\/wp\/v2\/posts\/2282\/revisions\/5152"}],"wp:featuredmedia":[{"embeddable":true,"href":"https:\/\/sinprofaz.org.br\/2024\/wp-json\/wp\/v2\/media\/5150"}],"wp:attachment":[{"href":"https:\/\/sinprofaz.org.br\/2024\/wp-json\/wp\/v2\/media?parent=2282"}],"wp:term":[{"taxonomy":"category","embeddable":true,"href":"https:\/\/sinprofaz.org.br\/2024\/wp-json\/wp\/v2\/categories?post=2282"},{"taxonomy":"post_tag","embeddable":true,"href":"https:\/\/sinprofaz.org.br\/2024\/wp-json\/wp\/v2\/tags?post=2282"}],"curies":[{"name":"wp","href":"https:\/\/api.w.org\/{rel}","templated":true}]}}