{"id":2280,"date":"2015-05-28T18:28:44","date_gmt":"2015-05-28T18:28:44","guid":{"rendered":""},"modified":"2016-06-23T18:53:36","modified_gmt":"2016-06-23T18:53:36","slug":"advogados-publicos-federais-em-protesto","status":"publish","type":"post","link":"https:\/\/sinprofaz.org.br\/2024\/noticias\/advogados-publicos-federais-em-protesto\/","title":{"rendered":"ADVOGADOS P\u00daBLICOS FEDERAIS EM PROTESTO"},"content":{"rendered":"<p>Neste momento, PFNs e Colegas das demais Carreiras da Advocacia-Geral da Uni\u00e3o encontram-se em protesto no Minist\u00e9rio da Fazenda, em Bras\u00edlia.<\/p>\n<p>Mais de 400 Colegas compareceram ao ato, atendendo ao chamamento do Sindicato para o dia de Paralisa\u00e7\u00e3o Nacional da Advocacia P\u00fablica Federal.<\/p>\n<p>O SINPROFAZ e demais entidades representativas da APF denunciam a situa\u00e7\u00e3o de grave crise institucional.<\/p>\n<p>Liderados pelo SINPROFAZ, PFNs j\u00e1 entregaram milhares de declara\u00e7\u00f5es de Recusa, Compromisso e Entrega de Cargos. As demais Carreiras da AGU, solid\u00e1rias \u00e0 campanha, tamb\u00e9m participam do protesto. At\u00e9 o momento, j\u00e1 foram protocolados mais de 1300 Cargos de chefia na AGU.<\/p>\n\n\t\t<style type=\"text\/css\">\n\t\t\t#gallery-1 {\n\t\t\t\tmargin: auto;\n\t\t\t}\n\t\t\t#gallery-1 .gallery-item {\n\t\t\t\tfloat: left;\n\t\t\t\tmargin-top: 10px;\n\t\t\t\ttext-align: center;\n\t\t\t\twidth: 33%;\n\t\t\t}\n\t\t\t#gallery-1 img {\n\t\t\t\tborder: 2px solid #cfcfcf;\n\t\t\t}\n\t\t\t#gallery-1 .gallery-caption {\n\t\t\t\tmargin-left: 0;\n\t\t\t}\n\t\t\t\/* see gallery_shortcode() in wp-includes\/media.php *\/\n\t\t<\/style>\n\t\t<div id='gallery-1' class='gallery galleryid-2280 gallery-columns-3 gallery-size-thumbnail'><dl class='gallery-item'>\n\t\t\t<dt class='gallery-icon landscape'>\n\t\t\t\t<a href='https:\/\/sinprofaz.org.br\/2024\/wp-content\/uploads\/2015\/05\/022.jpg'><img loading=\"lazy\" decoding=\"async\" width=\"150\" height=\"150\" src=\"https:\/\/sinprofaz.org.br\/2024\/wp-content\/uploads\/2015\/05\/022-150x150.jpg\" class=\"attachment-thumbnail size-thumbnail\" alt=\"\" \/><\/a>\n\t\t\t<\/dt><\/dl>\n\t\t\t<br style='clear: both' \/>\n\t\t<\/div>\n\n","protected":false},"excerpt":{"rendered":"<p>Neste momento, PFNs e Colegas das demais Carreiras da Advocacia-Geral da Uni\u00e3o encontram-se em protesto no Minist\u00e9rio da Fazenda, em Bras\u00edlia.<\/p>\n","protected":false},"author":1,"featured_media":5184,"comment_status":"closed","ping_status":"open","sticky":false,"template":"","format":"standard","meta":{"footnotes":""},"categories":[8],"tags":[],"featured_image_url":"https:\/\/sinprofaz.org.br\/2024\/wp-content\/uploads\/2015\/05\/0113-800x198.jpg","character_count":517,"formatted_date":"28\/05\/2015 - 18:28","contentNovo":"<p>Neste momento, PFNs e Colegas das demais Carreiras da Advocacia-Geral da Uni\u00e3o encontram-se em protesto no Minist\u00e9rio da Fazenda, em Bras\u00edlia.<\/p>\r\n<p>Mais de 400 Colegas compareceram ao ato, atendendo ao chamamento do Sindicato para o dia de Paralisa\u00e7\u00e3o Nacional da Advocacia P\u00fablica Federal.<\/p>\r\n<p>O SINPROFAZ e demais entidades representativas da APF denunciam a situa\u00e7\u00e3o de grave crise institucional.<\/p>\r\n<p>Liderados pelo SINPROFAZ, PFNs j\u00e1 entregaram milhares de declara\u00e7\u00f5es de Recusa, Compromisso e Entrega de Cargos. As demais Carreiras da AGU, solid\u00e1rias \u00e0 campanha, tamb\u00e9m participam do protesto. At\u00e9 o momento, j\u00e1 foram protocolados mais de 1300 Cargos de chefia na AGU.<\/p>\r\n[gallery link=\"file\" ids=\"5185\"]","_links":{"self":[{"href":"https:\/\/sinprofaz.org.br\/2024\/wp-json\/wp\/v2\/posts\/2280"}],"collection":[{"href":"https:\/\/sinprofaz.org.br\/2024\/wp-json\/wp\/v2\/posts"}],"about":[{"href":"https:\/\/sinprofaz.org.br\/2024\/wp-json\/wp\/v2\/types\/post"}],"author":[{"embeddable":true,"href":"https:\/\/sinprofaz.org.br\/2024\/wp-json\/wp\/v2\/users\/1"}],"replies":[{"embeddable":true,"href":"https:\/\/sinprofaz.org.br\/2024\/wp-json\/wp\/v2\/comments?post=2280"}],"version-history":[{"count":2,"href":"https:\/\/sinprofaz.org.br\/2024\/wp-json\/wp\/v2\/posts\/2280\/revisions"}],"predecessor-version":[{"id":5186,"href":"https:\/\/sinprofaz.org.br\/2024\/wp-json\/wp\/v2\/posts\/2280\/revisions\/5186"}],"wp:featuredmedia":[{"embeddable":true,"href":"https:\/\/sinprofaz.org.br\/2024\/wp-json\/wp\/v2\/media\/5184"}],"wp:attachment":[{"href":"https:\/\/sinprofaz.org.br\/2024\/wp-json\/wp\/v2\/media?parent=2280"}],"wp:term":[{"taxonomy":"category","embeddable":true,"href":"https:\/\/sinprofaz.org.br\/2024\/wp-json\/wp\/v2\/categories?post=2280"},{"taxonomy":"post_tag","embeddable":true,"href":"https:\/\/sinprofaz.org.br\/2024\/wp-json\/wp\/v2\/tags?post=2280"}],"curies":[{"name":"wp","href":"https:\/\/api.w.org\/{rel}","templated":true}]}}