{"id":227,"date":"2011-07-11T18:16:43","date_gmt":"2011-07-11T18:16:43","guid":{"rendered":""},"modified":"2016-04-01T14:39:01","modified_gmt":"2016-04-01T14:39:01","slug":"sucessao-no-forum-nacional-e-agradecimento","status":"publish","type":"post","link":"https:\/\/sinprofaz.org.br\/2024\/noticias\/sucessao-no-forum-nacional-e-agradecimento\/","title":{"rendered":"Sucess\u00e3o no Forum Nacional e agradecimento"},"content":{"rendered":"<p>A aprova\u00e7\u00e3o de um Estatuto e a elei\u00e7\u00e3o da nova Diretoria, com cada associa\u00e7\u00e3o\/sindicato exercendo um cargo, representa mais um avan\u00e7o na consolida\u00e7\u00e3o dessa uni\u00e3o.<\/p>\n<p>O surgimento, amadurecimento, formata\u00e7\u00e3o e continuidade do Forum s\u00e3o fruto da dedica\u00e7\u00e3o cotidiana dos nossos Colegas, Dr. Jo\u00e3o Carlos Souto e Jorge Messias. Estou certo que a luta e entusiasmo dos nobres Colegas em rela\u00e7\u00e3o \u00e0 Advocacia P\u00fablica Federal e \u00e0 carreira de Procurador da Fazenda Nacional propiciaram conquistas, as quais, certamente, continuar\u00e3o acontecendo.<\/p>\n<p>Agrade\u00e7o e parabenizo aos Drs. Jo\u00e3o Carlos Souto e Jorge Messias pela defesa intransigente das prerrogativas da nossa Carreira. Por Allan Titonelli Nunes, Presidente do SINPROFAZ e do Forum Nacional da Advocacia P\u00fablica Federal<\/p>\n","protected":false},"excerpt":{"rendered":"<p>Para a constru\u00e7\u00e3o de uma Advocacia P\u00fablica Federal melhor, \u00e9 necess\u00e1ria a congrega\u00e7\u00e3o de for\u00e7as que coadunem dos mesmos prop\u00f3sitos, o que foi alcan\u00e7ado atrav\u00e9s do Forum Nacional.<\/p>\n","protected":false},"author":1,"featured_media":4334,"comment_status":"closed","ping_status":"open","sticky":false,"template":"","format":"standard","meta":{"footnotes":""},"categories":[8],"tags":[],"featured_image_url":"https:\/\/sinprofaz.org.br\/2024\/wp-content\/uploads\/2011\/07\/0111.jpg","character_count":393,"formatted_date":"11\/07\/2011 - 18:16","contentNovo":"A aprova\u00e7\u00e3o de um Estatuto e a elei\u00e7\u00e3o da nova Diretoria, com cada associa\u00e7\u00e3o\/sindicato exercendo um cargo, representa mais um avan\u00e7o na consolida\u00e7\u00e3o dessa uni\u00e3o.\r\n\r\nO surgimento, amadurecimento, formata\u00e7\u00e3o e continuidade do Forum s\u00e3o fruto da dedica\u00e7\u00e3o cotidiana dos nossos Colegas, Dr. Jo\u00e3o Carlos Souto e Jorge Messias. Estou certo que a luta e entusiasmo dos nobres Colegas em rela\u00e7\u00e3o \u00e0 Advocacia P\u00fablica Federal e \u00e0 carreira de Procurador da Fazenda Nacional propiciaram conquistas, as quais, certamente, continuar\u00e3o acontecendo.\r\n\r\nAgrade\u00e7o e parabenizo aos Drs. Jo\u00e3o Carlos Souto e Jorge Messias pela defesa intransigente das prerrogativas da nossa Carreira. Por Allan Titonelli Nunes, Presidente do SINPROFAZ e do Forum Nacional da Advocacia P\u00fablica Federal","_links":{"self":[{"href":"https:\/\/sinprofaz.org.br\/2024\/wp-json\/wp\/v2\/posts\/227"}],"collection":[{"href":"https:\/\/sinprofaz.org.br\/2024\/wp-json\/wp\/v2\/posts"}],"about":[{"href":"https:\/\/sinprofaz.org.br\/2024\/wp-json\/wp\/v2\/types\/post"}],"author":[{"embeddable":true,"href":"https:\/\/sinprofaz.org.br\/2024\/wp-json\/wp\/v2\/users\/1"}],"replies":[{"embeddable":true,"href":"https:\/\/sinprofaz.org.br\/2024\/wp-json\/wp\/v2\/comments?post=227"}],"version-history":[{"count":2,"href":"https:\/\/sinprofaz.org.br\/2024\/wp-json\/wp\/v2\/posts\/227\/revisions"}],"predecessor-version":[{"id":4335,"href":"https:\/\/sinprofaz.org.br\/2024\/wp-json\/wp\/v2\/posts\/227\/revisions\/4335"}],"wp:featuredmedia":[{"embeddable":true,"href":"https:\/\/sinprofaz.org.br\/2024\/wp-json\/wp\/v2\/media\/4334"}],"wp:attachment":[{"href":"https:\/\/sinprofaz.org.br\/2024\/wp-json\/wp\/v2\/media?parent=227"}],"wp:term":[{"taxonomy":"category","embeddable":true,"href":"https:\/\/sinprofaz.org.br\/2024\/wp-json\/wp\/v2\/categories?post=227"},{"taxonomy":"post_tag","embeddable":true,"href":"https:\/\/sinprofaz.org.br\/2024\/wp-json\/wp\/v2\/tags?post=227"}],"curies":[{"name":"wp","href":"https:\/\/api.w.org\/{rel}","templated":true}]}}