{"id":2262,"date":"2015-05-21T21:32:03","date_gmt":"2015-05-21T21:32:03","guid":{"rendered":""},"modified":"2016-07-15T13:45:24","modified_gmt":"2016-07-15T13:45:24","slug":"sinprofaz-publica-nota-em-repudio-ao-tratamento-conferido-pelo-stf","status":"publish","type":"post","link":"https:\/\/sinprofaz.org.br\/2024\/noticias\/sinprofaz-publica-nota-em-repudio-ao-tratamento-conferido-pelo-stf\/","title":{"rendered":"SINPROFAZ publica Nota em rep\u00fadio ao tratamento conferido pelo STF"},"content":{"rendered":"<p>Clique <a href=\"\/pdfs\/nota-conjunta-anajur-anauni-anpaf-anpprev-apbc-sinprofaz-unaf-2.pdf\" target=\"_blank\">aqui<\/a> para ler a nota.<\/p>\n","protected":false},"excerpt":{"rendered":"<p>Nesta quarta-feira (20\/05), o SINPROFAZ em conjunto com entidades da Advocacia P\u00fablica Federal (Anauni, Anajur, Anpprev, Apbc, Anpaf, Unafe) publicou Nota Conjunta em resposta \u00e0 nota do Supremo Tribunal Federal que compara as remunera\u00e7\u00f5es e atribui\u00e7\u00f5es dos servidores da justi\u00e7as com os Membros da Advocacia-Geral da Uni\u00e3o.<\/p>\n","protected":false},"author":1,"featured_media":5377,"comment_status":"closed","ping_status":"open","sticky":false,"template":"","format":"standard","meta":{"footnotes":""},"categories":[8],"tags":[],"featured_image_url":"https:\/\/sinprofaz.org.br\/2024\/wp-content\/uploads\/2015\/05\/0131.jpg","character_count":15,"formatted_date":"21\/05\/2015 - 21:32","contentNovo":"<p>Clique <a href=\"\/pdfs\/nota-conjunta-anajur-anauni-anpaf-anpprev-apbc-sinprofaz-unaf-2.pdf\" target=\"_blank\">aqui<\/a> para ler a nota.<\/p>","_links":{"self":[{"href":"https:\/\/sinprofaz.org.br\/2024\/wp-json\/wp\/v2\/posts\/2262"}],"collection":[{"href":"https:\/\/sinprofaz.org.br\/2024\/wp-json\/wp\/v2\/posts"}],"about":[{"href":"https:\/\/sinprofaz.org.br\/2024\/wp-json\/wp\/v2\/types\/post"}],"author":[{"embeddable":true,"href":"https:\/\/sinprofaz.org.br\/2024\/wp-json\/wp\/v2\/users\/1"}],"replies":[{"embeddable":true,"href":"https:\/\/sinprofaz.org.br\/2024\/wp-json\/wp\/v2\/comments?post=2262"}],"version-history":[{"count":1,"href":"https:\/\/sinprofaz.org.br\/2024\/wp-json\/wp\/v2\/posts\/2262\/revisions"}],"predecessor-version":[{"id":5378,"href":"https:\/\/sinprofaz.org.br\/2024\/wp-json\/wp\/v2\/posts\/2262\/revisions\/5378"}],"wp:featuredmedia":[{"embeddable":true,"href":"https:\/\/sinprofaz.org.br\/2024\/wp-json\/wp\/v2\/media\/5377"}],"wp:attachment":[{"href":"https:\/\/sinprofaz.org.br\/2024\/wp-json\/wp\/v2\/media?parent=2262"}],"wp:term":[{"taxonomy":"category","embeddable":true,"href":"https:\/\/sinprofaz.org.br\/2024\/wp-json\/wp\/v2\/categories?post=2262"},{"taxonomy":"post_tag","embeddable":true,"href":"https:\/\/sinprofaz.org.br\/2024\/wp-json\/wp\/v2\/tags?post=2262"}],"curies":[{"name":"wp","href":"https:\/\/api.w.org\/{rel}","templated":true}]}}