{"id":2257,"date":"2015-05-21T14:26:39","date_gmt":"2015-05-21T14:26:39","guid":{"rendered":""},"modified":"2016-07-18T18:58:06","modified_gmt":"2016-07-18T18:58:06","slug":"correio-braziliense-advogados-publicos-entregam-cargos-de-chefia-em-todo-brasil","status":"publish","type":"post","link":"https:\/\/sinprofaz.org.br\/2024\/noticias\/correio-braziliense-advogados-publicos-entregam-cargos-de-chefia-em-todo-brasil\/","title":{"rendered":"Correio Braziliense: Advogados P\u00fablicos entregam Cargos de chefia em todo Brasil"},"content":{"rendered":"<p>Apenas na Carreira de Procurador da Fazenda Nacional, 319 Cargos de chefia foram entregues. Advogados da Uni\u00e3o, Procuradores Federais e Procuradores do Banco Central tamb\u00e9m participam do movimento.<\/p>\n<p>Confira a mat\u00e9ria:<\/p>\n\n\t\t<style type=\"text\/css\">\n\t\t\t#gallery-1 {\n\t\t\t\tmargin: auto;\n\t\t\t}\n\t\t\t#gallery-1 .gallery-item {\n\t\t\t\tfloat: left;\n\t\t\t\tmargin-top: 10px;\n\t\t\t\ttext-align: center;\n\t\t\t\twidth: 33%;\n\t\t\t}\n\t\t\t#gallery-1 img {\n\t\t\t\tborder: 2px solid #cfcfcf;\n\t\t\t}\n\t\t\t#gallery-1 .gallery-caption {\n\t\t\t\tmargin-left: 0;\n\t\t\t}\n\t\t\t\/* see gallery_shortcode() in wp-includes\/media.php *\/\n\t\t<\/style>\n\t\t<div id='gallery-1' class='gallery galleryid-2257 gallery-columns-3 gallery-size-thumbnail'><dl class='gallery-item'>\n\t\t\t<dt class='gallery-icon landscape'>\n\t\t\t\t<a href='https:\/\/sinprofaz.org.br\/2024\/wp-content\/uploads\/2015\/05\/0136.jpg'><img loading=\"lazy\" decoding=\"async\" width=\"150\" height=\"150\" src=\"https:\/\/sinprofaz.org.br\/2024\/wp-content\/uploads\/2015\/05\/0136-150x150.jpg\" class=\"attachment-thumbnail size-thumbnail\" alt=\"\" \/><\/a>\n\t\t\t<\/dt><\/dl>\n\t\t\t<br style='clear: both' \/>\n\t\t<\/div>\n\n","protected":false},"excerpt":{"rendered":"<p>A mobiliza\u00e7\u00e3o de Entrega de Cargos de chefia na PGFN, iniciada pelo SINPROFAZ, e acompanhada pelas demais associa\u00e7\u00f5es da Advocacia P\u00fablica Federal \u00e9 destaque no Correio Braziliense.<\/p>\n","protected":false},"author":1,"featured_media":5416,"comment_status":"closed","ping_status":"open","sticky":false,"template":"","format":"standard","meta":{"footnotes":""},"categories":[8],"tags":[],"featured_image_url":"https:\/\/sinprofaz.org.br\/2024\/wp-content\/uploads\/2015\/05\/029.jpg","character_count":288,"formatted_date":"21\/05\/2015 - 14:26","contentNovo":"<p>Apenas na Carreira de Procurador da Fazenda Nacional, 319 Cargos de chefia foram entregues. Advogados da Uni\u00e3o, Procuradores Federais e Procuradores do Banco Central tamb\u00e9m participam do movimento.<\/p>\r\n<p>Confira a mat\u00e9ria:<\/p>\r\n[gallery link=\"file\" ids=\"5415\"]\r\n","_links":{"self":[{"href":"https:\/\/sinprofaz.org.br\/2024\/wp-json\/wp\/v2\/posts\/2257"}],"collection":[{"href":"https:\/\/sinprofaz.org.br\/2024\/wp-json\/wp\/v2\/posts"}],"about":[{"href":"https:\/\/sinprofaz.org.br\/2024\/wp-json\/wp\/v2\/types\/post"}],"author":[{"embeddable":true,"href":"https:\/\/sinprofaz.org.br\/2024\/wp-json\/wp\/v2\/users\/1"}],"replies":[{"embeddable":true,"href":"https:\/\/sinprofaz.org.br\/2024\/wp-json\/wp\/v2\/comments?post=2257"}],"version-history":[{"count":2,"href":"https:\/\/sinprofaz.org.br\/2024\/wp-json\/wp\/v2\/posts\/2257\/revisions"}],"predecessor-version":[{"id":5417,"href":"https:\/\/sinprofaz.org.br\/2024\/wp-json\/wp\/v2\/posts\/2257\/revisions\/5417"}],"wp:featuredmedia":[{"embeddable":true,"href":"https:\/\/sinprofaz.org.br\/2024\/wp-json\/wp\/v2\/media\/5416"}],"wp:attachment":[{"href":"https:\/\/sinprofaz.org.br\/2024\/wp-json\/wp\/v2\/media?parent=2257"}],"wp:term":[{"taxonomy":"category","embeddable":true,"href":"https:\/\/sinprofaz.org.br\/2024\/wp-json\/wp\/v2\/categories?post=2257"},{"taxonomy":"post_tag","embeddable":true,"href":"https:\/\/sinprofaz.org.br\/2024\/wp-json\/wp\/v2\/tags?post=2257"}],"curies":[{"name":"wp","href":"https:\/\/api.w.org\/{rel}","templated":true}]}}