{"id":2254,"date":"2015-05-20T15:39:21","date_gmt":"2015-05-20T15:39:21","guid":{"rendered":""},"modified":"2016-07-18T20:17:35","modified_gmt":"2016-07-18T20:17:35","slug":"clipping-mobilizacao-historica-de-pfns-e-destaque-na-midia","status":"publish","type":"post","link":"https:\/\/sinprofaz.org.br\/2024\/noticias\/clipping-mobilizacao-historica-de-pfns-e-destaque-na-midia\/","title":{"rendered":"Clipping: Mobiliza\u00e7\u00e3o hist\u00f3rica de PFNs \u00e9 destaque na m\u00eddia"},"content":{"rendered":"<p>A reuni\u00e3o de Colegas que ocorreu na \u00faltima segunda-feira (18) em S\u00e3o Paulo e que culminou na decis\u00e3o de formalizar a Entrega de mais de 280 Cargos de chefia da PGFN \u00e9 destaque na imprensa.<\/p>\n<p>Veja a repercuss\u00e3o da Campanha nos links a seguir:<\/p>\n<ol>\n<li><a href=\"http:\/\/oglobo.globo.com\/brasil\/em-protesto-procuradores-da-fazenda-nacional-entregam-cargos-de-confianca-16196268\" target=\"_blank\">O Globo<\/a><\/li>\n<li><a href=\"http:\/\/politica.estadao.com.br\/noticias\/geral,para-pressionar-governo-procuradores-da-fazenda-entregam-280-cargos,1689736\" target=\"_blank\">Estad\u00e3o \/ Ag\u00eancia Estado<\/a><\/li>\n<li><a href=\"http:\/\/g1.globo.com\/politica\/blog\/matheus-leitao\/post\/procuradores-da-fazenda-entregam-cargos-de-confianca.html\" target=\"_blank\">Blog do Matheus Leit\u00e3o<\/a><\/li>\n<li><a href=\"http:\/\/www.em.com.br\/app\/noticia\/politica\/2015\/05\/18\/interna_politica,648882\/para-pressionar-governo-procuradores-da-fazenda-entregam-cargos.shtml\" target=\"_blank\">Estado de Minas<\/a><\/li>\n<li><a href=\"http:\/\/www.jb.com.br\/pais\/noticias\/2015\/05\/18\/procuradores-da-fazenda-nacional-decidem-entregar-280-cargos-de-confianca\/\" target=\"_blank\">Jornal do Brasil<\/a><\/li>\n<li><a href=\"http:\/\/jcrs.uol.com.br\/site\/noticia.php?codn=197020\" target=\"_blank\">Jornal do Com\u00e9rcio<\/a><\/li>\n<li><a href=\"http:\/\/www.otempo.com.br\/capa\/pol%C3%ADtica\/procuradores-entregam-280-cargos-de-confian%C3%A7a-na-pr%C3%B3xima-quarta-1.1041031\" target=\"_blank\">O Tempo<\/a><\/li>\n<li><a href=\"http:\/\/www.folhavitoria.com.br\/politica\/noticia\/2015\/05\/para-pressionar-governo-procuradores-da-fazenda-entregam-cargos.html\" target=\"_blank\">Folha de Vit\u00f3ria<\/a><\/li>\n<li><a href=\"http:\/\/www.conjur.com.br\/2015-mai-18\/procuradores-fazenda-entregar-280-cargos-confianca\" target=\"_blank\">Conjur <\/a><\/li>\n<li><a href=\"http:\/\/blog.tribunadonorte.com.br\/abelhinha\" target=\"_blank\">Tribuna do Norte <\/a><\/li>\n<\/ol>\n","protected":false},"excerpt":{"rendered":"<p>A Campanha trif\u00e1sica de Recusa, Compromisso e Entrega ganhou as manchetes dos principais notici\u00e1rios e blogs jornal\u00edsticos do pa\u00eds.<\/p>\n","protected":false},"author":1,"featured_media":2626,"comment_status":"closed","ping_status":"open","sticky":false,"template":"","format":"standard","meta":{"footnotes":""},"categories":[8],"tags":[],"featured_image_url":"https:\/\/sinprofaz.org.br\/2024\/wp-content\/uploads\/2016\/01\/logo-sinprofaz.jpg","character_count":206,"formatted_date":"20\/05\/2015 - 15:39","contentNovo":"<p>A reuni\u00e3o de Colegas que ocorreu na \u00faltima segunda-feira (18) em S\u00e3o Paulo e que culminou na decis\u00e3o de formalizar a Entrega de mais de 280 Cargos de chefia da PGFN \u00e9 destaque na imprensa.<\/p>\r\n<p>Veja a repercuss\u00e3o da Campanha nos links a seguir:<\/p>\r\n\r\n<a href=\"http:\/\/oglobo.globo.com\/brasil\/em-protesto-procuradores-da-fazenda-nacional-entregam-cargos-de-confianca-16196268\" target=\"_blank\">O Globo<\/a>\r\n<a href=\"http:\/\/politica.estadao.com.br\/noticias\/geral,para-pressionar-governo-procuradores-da-fazenda-entregam-280-cargos,1689736\" target=\"_blank\">Estad\u00e3o \/ Ag\u00eancia Estado<\/a>\r\n<a href=\"http:\/\/g1.globo.com\/politica\/blog\/matheus-leitao\/post\/procuradores-da-fazenda-entregam-cargos-de-confianca.html\" target=\"_blank\">Blog do Matheus Leit\u00e3o<\/a>\r\n<a href=\"http:\/\/www.em.com.br\/app\/noticia\/politica\/2015\/05\/18\/interna_politica,648882\/para-pressionar-governo-procuradores-da-fazenda-entregam-cargos.shtml\" target=\"_blank\">Estado de Minas<\/a>\r\n<a href=\"http:\/\/www.jb.com.br\/pais\/noticias\/2015\/05\/18\/procuradores-da-fazenda-nacional-decidem-entregar-280-cargos-de-confianca\/\" target=\"_blank\">Jornal do Brasil<\/a>\r\n<a href=\"http:\/\/jcrs.uol.com.br\/site\/noticia.php?codn=197020\" target=\"_blank\">Jornal do Com\u00e9rcio<\/a>\r\n<a href=\"http:\/\/www.otempo.com.br\/capa\/pol%C3%ADtica\/procuradores-entregam-280-cargos-de-confian%C3%A7a-na-pr%C3%B3xima-quarta-1.1041031\" target=\"_blank\">O Tempo<\/a>\r\n<a href=\"http:\/\/www.folhavitoria.com.br\/politica\/noticia\/2015\/05\/para-pressionar-governo-procuradores-da-fazenda-entregam-cargos.html\" target=\"_blank\">Folha de Vit\u00f3ria<\/a>\r\n<a href=\"http:\/\/www.conjur.com.br\/2015-mai-18\/procuradores-fazenda-entregar-280-cargos-confianca\" target=\"_blank\">Conjur <\/a>\r\n<a href=\"http:\/\/blog.tribunadonorte.com.br\/abelhinha\" target=\"_blank\">Tribuna do Norte <\/a>\r\n","_links":{"self":[{"href":"https:\/\/sinprofaz.org.br\/2024\/wp-json\/wp\/v2\/posts\/2254"}],"collection":[{"href":"https:\/\/sinprofaz.org.br\/2024\/wp-json\/wp\/v2\/posts"}],"about":[{"href":"https:\/\/sinprofaz.org.br\/2024\/wp-json\/wp\/v2\/types\/post"}],"author":[{"embeddable":true,"href":"https:\/\/sinprofaz.org.br\/2024\/wp-json\/wp\/v2\/users\/1"}],"replies":[{"embeddable":true,"href":"https:\/\/sinprofaz.org.br\/2024\/wp-json\/wp\/v2\/comments?post=2254"}],"version-history":[{"count":1,"href":"https:\/\/sinprofaz.org.br\/2024\/wp-json\/wp\/v2\/posts\/2254\/revisions"}],"predecessor-version":[{"id":5425,"href":"https:\/\/sinprofaz.org.br\/2024\/wp-json\/wp\/v2\/posts\/2254\/revisions\/5425"}],"wp:featuredmedia":[{"embeddable":true,"href":"https:\/\/sinprofaz.org.br\/2024\/wp-json\/wp\/v2\/media\/2626"}],"wp:attachment":[{"href":"https:\/\/sinprofaz.org.br\/2024\/wp-json\/wp\/v2\/media?parent=2254"}],"wp:term":[{"taxonomy":"category","embeddable":true,"href":"https:\/\/sinprofaz.org.br\/2024\/wp-json\/wp\/v2\/categories?post=2254"},{"taxonomy":"post_tag","embeddable":true,"href":"https:\/\/sinprofaz.org.br\/2024\/wp-json\/wp\/v2\/tags?post=2254"}],"curies":[{"name":"wp","href":"https:\/\/api.w.org\/{rel}","templated":true}]}}