{"id":2251,"date":"2015-05-19T15:18:36","date_gmt":"2015-05-19T15:18:36","guid":{"rendered":""},"modified":"2016-07-18T20:23:39","modified_gmt":"2016-07-18T20:23:39","slug":"o-globo-repercute-mobilizacao-historica-de-pfns","status":"publish","type":"post","link":"https:\/\/sinprofaz.org.br\/2024\/noticias\/o-globo-repercute-mobilizacao-historica-de-pfns\/","title":{"rendered":"O GLOBO repercute mobiliza\u00e7\u00e3o hist\u00f3rica de PFNs"},"content":{"rendered":"<p>A reuni\u00e3o de Colegas em S\u00e3o Paulo ocorrida ontem (18) e que culminou na decis\u00e3o de formalizar a Entrega de Cargos de chefia na PGFN \u00e9 not\u00edcia no GLOBO.<\/p>\n<p>A mat\u00e9ria ressalta o sucateamento da PGFN e demais carreiras da Advocacia-Geral da Uni\u00e3o. Confira o texto na \u00edntegra clicando <a href=\"http:\/\/oglobo.globo.com\/brasil\/em-protesto-procuradores-da-fazenda-nacional-entregam-cargos-de-confianca-16196268\" target=\"_blank\">aqui<\/a>.<\/p>\n\n\t\t<style type=\"text\/css\">\n\t\t\t#gallery-1 {\n\t\t\t\tmargin: auto;\n\t\t\t}\n\t\t\t#gallery-1 .gallery-item {\n\t\t\t\tfloat: left;\n\t\t\t\tmargin-top: 10px;\n\t\t\t\ttext-align: center;\n\t\t\t\twidth: 33%;\n\t\t\t}\n\t\t\t#gallery-1 img {\n\t\t\t\tborder: 2px solid #cfcfcf;\n\t\t\t}\n\t\t\t#gallery-1 .gallery-caption {\n\t\t\t\tmargin-left: 0;\n\t\t\t}\n\t\t\t\/* see gallery_shortcode() in wp-includes\/media.php *\/\n\t\t<\/style>\n\t\t<div id='gallery-1' class='gallery galleryid-2251 gallery-columns-3 gallery-size-thumbnail'><dl class='gallery-item'>\n\t\t\t<dt class='gallery-icon landscape'>\n\t\t\t\t<a href='https:\/\/sinprofaz.org.br\/2024\/wp-content\/uploads\/2015\/05\/0210.jpg'><img loading=\"lazy\" decoding=\"async\" width=\"150\" height=\"150\" src=\"https:\/\/sinprofaz.org.br\/2024\/wp-content\/uploads\/2015\/05\/0210-150x150.jpg\" class=\"attachment-thumbnail size-thumbnail\" alt=\"\" \/><\/a>\n\t\t\t<\/dt><\/dl><dl class='gallery-item'>\n\t\t\t<dt class='gallery-icon landscape'>\n\t\t\t\t<a href='https:\/\/sinprofaz.org.br\/2024\/wp-content\/uploads\/2015\/05\/036.jpg'><img loading=\"lazy\" decoding=\"async\" width=\"150\" height=\"150\" src=\"https:\/\/sinprofaz.org.br\/2024\/wp-content\/uploads\/2015\/05\/036-150x150.jpg\" class=\"attachment-thumbnail size-thumbnail\" alt=\"\" \/><\/a>\n\t\t\t<\/dt><\/dl>\n\t\t\t<br style='clear: both' \/>\n\t\t<\/div>\n\n","protected":false},"excerpt":{"rendered":"<p>O principal jornal do Rio de Janeiro noticiou no portal online e em ve\u00edculo impresso a Entrega de Cargos de chefia de mais de 280 PFNs.<\/p>\n","protected":false},"author":1,"featured_media":5428,"comment_status":"closed","ping_status":"open","sticky":false,"template":"","format":"standard","meta":{"footnotes":""},"categories":[8],"tags":[],"featured_image_url":"https:\/\/sinprofaz.org.br\/2024\/wp-content\/uploads\/2015\/05\/0141.jpg","character_count":331,"formatted_date":"19\/05\/2015 - 15:18","contentNovo":"<p>A reuni\u00e3o de Colegas em S\u00e3o Paulo ocorrida ontem (18) e que culminou na decis\u00e3o de formalizar a Entrega de Cargos de chefia na PGFN \u00e9 not\u00edcia no GLOBO.<\/p>\r\n<p>A mat\u00e9ria ressalta o sucateamento da PGFN e demais carreiras da Advocacia-Geral da Uni\u00e3o. Confira o texto na \u00edntegra clicando <a href=\"http:\/\/oglobo.globo.com\/brasil\/em-protesto-procuradores-da-fazenda-nacional-entregam-cargos-de-confianca-16196268\" target=\"_blank\">aqui<\/a>.<\/p>\r\n[gallery link=\"file\" ids=\"5430,5431\"]\r\n","_links":{"self":[{"href":"https:\/\/sinprofaz.org.br\/2024\/wp-json\/wp\/v2\/posts\/2251"}],"collection":[{"href":"https:\/\/sinprofaz.org.br\/2024\/wp-json\/wp\/v2\/posts"}],"about":[{"href":"https:\/\/sinprofaz.org.br\/2024\/wp-json\/wp\/v2\/types\/post"}],"author":[{"embeddable":true,"href":"https:\/\/sinprofaz.org.br\/2024\/wp-json\/wp\/v2\/users\/1"}],"replies":[{"embeddable":true,"href":"https:\/\/sinprofaz.org.br\/2024\/wp-json\/wp\/v2\/comments?post=2251"}],"version-history":[{"count":3,"href":"https:\/\/sinprofaz.org.br\/2024\/wp-json\/wp\/v2\/posts\/2251\/revisions"}],"predecessor-version":[{"id":5433,"href":"https:\/\/sinprofaz.org.br\/2024\/wp-json\/wp\/v2\/posts\/2251\/revisions\/5433"}],"wp:featuredmedia":[{"embeddable":true,"href":"https:\/\/sinprofaz.org.br\/2024\/wp-json\/wp\/v2\/media\/5428"}],"wp:attachment":[{"href":"https:\/\/sinprofaz.org.br\/2024\/wp-json\/wp\/v2\/media?parent=2251"}],"wp:term":[{"taxonomy":"category","embeddable":true,"href":"https:\/\/sinprofaz.org.br\/2024\/wp-json\/wp\/v2\/categories?post=2251"},{"taxonomy":"post_tag","embeddable":true,"href":"https:\/\/sinprofaz.org.br\/2024\/wp-json\/wp\/v2\/tags?post=2251"}],"curies":[{"name":"wp","href":"https:\/\/api.w.org\/{rel}","templated":true}]}}