{"id":2244,"date":"2015-05-13T20:22:54","date_gmt":"2015-05-13T20:22:54","guid":{"rendered":""},"modified":"2016-07-18T20:32:43","modified_gmt":"2016-07-18T20:32:43","slug":"entrega-de-cargos-entidades-representativas-da-advocacia-publica-federal-reunidas","status":"publish","type":"post","link":"https:\/\/sinprofaz.org.br\/2024\/noticias\/entrega-de-cargos-entidades-representativas-da-advocacia-publica-federal-reunidas\/","title":{"rendered":"Entrega de cargos: Entidades representativas da Advocacia P\u00fablica Federal reunidas"},"content":{"rendered":"<p>Os dirigentes da Advocacia P\u00fablica Federal reuniram-se nesta quarta-feira (13) e decidiram intensificar a campanha de Recusa, Compromisso e Entrega de cargos.<\/p>\n<p>Para isto, as Associa\u00e7\u00f5es contam com a participa\u00e7\u00e3o de todos os membros da Advocacia P\u00fablica. Tendo em vista a mobiliza\u00e7\u00e3o, ficou decidida a seguinte agenda:<\/p>\n<p><b>Ter\u00e7a-feira (19) &#8211;<\/b> Visita\u00e7\u00e3o de sala em sala na PGU, PGBC, PGFN e AGU.<\/p>\n<p>Visita\u00e7\u00e3o \u00e0s lideran\u00e7as da C\u00e2mara dos Deputados para solicitar o apoio \u00e0 aprova\u00e7\u00e3o da PEC\/443\/2009.<\/p>\n<p><b>Quarta-feira (20) &#8211;<\/b> 11h &#8211; Mobiliza\u00e7\u00e3o em frente \u00e0 AGU.<\/p>\n<p>14h &#8211; Mobiliza\u00e7\u00e3o na Taquigrafria do Congresso Nacional.<\/p>\n","protected":false},"excerpt":{"rendered":"<p>Os dirigentes da Advocacia P\u00fablica Federal reuniram-se nesta quarta-feira (13) e decidiram intensificar a campanha de Recusa, Compromisso e Entrega de cargos.<\/p>\n","protected":false},"author":1,"featured_media":5445,"comment_status":"closed","ping_status":"open","sticky":false,"template":"","format":"standard","meta":{"footnotes":""},"categories":[8],"tags":[],"featured_image_url":"https:\/\/sinprofaz.org.br\/2024\/wp-content\/uploads\/2015\/05\/0147-800x198.jpg","character_count":324,"formatted_date":"13\/05\/2015 - 20:22","contentNovo":"<p>Os dirigentes da Advocacia P\u00fablica Federal reuniram-se nesta quarta-feira (13) e decidiram intensificar a campanha de Recusa, Compromisso e Entrega de cargos.<\/p>\r\n<p>Para isto, as Associa\u00e7\u00f5es contam com a participa\u00e7\u00e3o de todos os membros da Advocacia P\u00fablica. Tendo em vista a mobiliza\u00e7\u00e3o, ficou decidida a seguinte agenda:<\/p>\r\n<p>Ter\u00e7a-feira (19) - Visita\u00e7\u00e3o de sala em sala na PGU, PGBC, PGFN e AGU.<\/p>\r\n<p>Visita\u00e7\u00e3o \u00e0s lideran\u00e7as da C\u00e2mara dos Deputados para solicitar o apoio \u00e0 aprova\u00e7\u00e3o da PEC\/443\/2009.<\/p>\r\n<p>Quarta-feira (20) - 11h - Mobiliza\u00e7\u00e3o em frente \u00e0 AGU.<\/p>\r\n<p>14h - Mobiliza\u00e7\u00e3o na Taquigrafria do Congresso Nacional.<\/p>","_links":{"self":[{"href":"https:\/\/sinprofaz.org.br\/2024\/wp-json\/wp\/v2\/posts\/2244"}],"collection":[{"href":"https:\/\/sinprofaz.org.br\/2024\/wp-json\/wp\/v2\/posts"}],"about":[{"href":"https:\/\/sinprofaz.org.br\/2024\/wp-json\/wp\/v2\/types\/post"}],"author":[{"embeddable":true,"href":"https:\/\/sinprofaz.org.br\/2024\/wp-json\/wp\/v2\/users\/1"}],"replies":[{"embeddable":true,"href":"https:\/\/sinprofaz.org.br\/2024\/wp-json\/wp\/v2\/comments?post=2244"}],"version-history":[{"count":1,"href":"https:\/\/sinprofaz.org.br\/2024\/wp-json\/wp\/v2\/posts\/2244\/revisions"}],"predecessor-version":[{"id":5446,"href":"https:\/\/sinprofaz.org.br\/2024\/wp-json\/wp\/v2\/posts\/2244\/revisions\/5446"}],"wp:featuredmedia":[{"embeddable":true,"href":"https:\/\/sinprofaz.org.br\/2024\/wp-json\/wp\/v2\/media\/5445"}],"wp:attachment":[{"href":"https:\/\/sinprofaz.org.br\/2024\/wp-json\/wp\/v2\/media?parent=2244"}],"wp:term":[{"taxonomy":"category","embeddable":true,"href":"https:\/\/sinprofaz.org.br\/2024\/wp-json\/wp\/v2\/categories?post=2244"},{"taxonomy":"post_tag","embeddable":true,"href":"https:\/\/sinprofaz.org.br\/2024\/wp-json\/wp\/v2\/tags?post=2244"}],"curies":[{"name":"wp","href":"https:\/\/api.w.org\/{rel}","templated":true}]}}