{"id":2243,"date":"2015-05-13T16:46:18","date_gmt":"2015-05-13T16:46:18","guid":{"rendered":""},"modified":"2016-07-18T20:33:47","modified_gmt":"2016-07-18T20:33:47","slug":"lider-do-psd-renova-apoio-aos-pleitos-da-adocacia-publica-federal","status":"publish","type":"post","link":"https:\/\/sinprofaz.org.br\/2024\/noticias\/lider-do-psd-renova-apoio-aos-pleitos-da-adocacia-publica-federal\/","title":{"rendered":"L\u00edder do PSD renova apoio aos pleitos da Adocacia P\u00fablica Federal"},"content":{"rendered":"<p>O l\u00edder do PSD, Rog\u00e9rio Rosso (DF), reafirmou seu apoio \u00e0 PEC 443\/2009 e \u00e0 PEC 82\/2007, ap\u00f3s a reuni\u00e3o de l\u00edderes da \u00faltima ter\u00e7a-feira (12).<\/p>\n<p>O parlamentar disse estar comprometido com a PEC 443\/2009, que garante a simetria salarial entre todas as carreiras jur\u00eddicas e confirma o que a constitui\u00e7\u00e3o j\u00e1 prev\u00ea. Das Fun\u00e7\u00f5es Essenciais \u00e0 Justi\u00e7a, a Advocacia P\u00fablica \u00e9 a \u00fanica cujas carreiras n\u00e3o tem simetria salarial com a magistratura.<\/p>\n<p>A mobiliza\u00e7\u00e3o nas bases e a campanha de Recusa, Compromisso e Entrega tem sido fundamental para selar o apoio de cada vez mais deputados aos pleitos da Carreira.<\/p>\n","protected":false},"excerpt":{"rendered":"<p>O l\u00edder do PSD, Rog\u00e9rio Rosso (DF), reafirmou seu apoio \u00e0 PEC 443\/2009 e \u00e0 PEC 82\/2007, ap\u00f3s a reuni\u00e3o de l\u00edderes da \u00faltima ter\u00e7a-feira (12).<\/p>\n","protected":false},"author":1,"featured_media":5447,"comment_status":"closed","ping_status":"open","sticky":false,"template":"","format":"standard","meta":{"footnotes":""},"categories":[8],"tags":[],"featured_image_url":"https:\/\/sinprofaz.org.br\/2024\/wp-content\/uploads\/2015\/05\/0148-800x198.jpg","character_count":311,"formatted_date":"13\/05\/2015 - 16:46","contentNovo":"<p>O l\u00edder do PSD, Rog\u00e9rio Rosso (DF), reafirmou seu apoio \u00e0 PEC 443\/2009 e \u00e0 PEC 82\/2007, ap\u00f3s a reuni\u00e3o de l\u00edderes da \u00faltima ter\u00e7a-feira (12).<\/p>\r\n<p>O parlamentar disse estar comprometido com a PEC 443\/2009, que garante a simetria salarial entre todas as carreiras jur\u00eddicas e confirma o que a constitui\u00e7\u00e3o j\u00e1 prev\u00ea. Das Fun\u00e7\u00f5es Essenciais \u00e0 Justi\u00e7a, a Advocacia P\u00fablica \u00e9 a \u00fanica cujas carreiras n\u00e3o tem simetria salarial com a magistratura.<\/p>\r\n<p>A mobiliza\u00e7\u00e3o nas bases e a campanha de Recusa, Compromisso e Entrega tem sido fundamental para selar o apoio de cada vez mais deputados aos pleitos da Carreira.<\/p>","_links":{"self":[{"href":"https:\/\/sinprofaz.org.br\/2024\/wp-json\/wp\/v2\/posts\/2243"}],"collection":[{"href":"https:\/\/sinprofaz.org.br\/2024\/wp-json\/wp\/v2\/posts"}],"about":[{"href":"https:\/\/sinprofaz.org.br\/2024\/wp-json\/wp\/v2\/types\/post"}],"author":[{"embeddable":true,"href":"https:\/\/sinprofaz.org.br\/2024\/wp-json\/wp\/v2\/users\/1"}],"replies":[{"embeddable":true,"href":"https:\/\/sinprofaz.org.br\/2024\/wp-json\/wp\/v2\/comments?post=2243"}],"version-history":[{"count":1,"href":"https:\/\/sinprofaz.org.br\/2024\/wp-json\/wp\/v2\/posts\/2243\/revisions"}],"predecessor-version":[{"id":5448,"href":"https:\/\/sinprofaz.org.br\/2024\/wp-json\/wp\/v2\/posts\/2243\/revisions\/5448"}],"wp:featuredmedia":[{"embeddable":true,"href":"https:\/\/sinprofaz.org.br\/2024\/wp-json\/wp\/v2\/media\/5447"}],"wp:attachment":[{"href":"https:\/\/sinprofaz.org.br\/2024\/wp-json\/wp\/v2\/media?parent=2243"}],"wp:term":[{"taxonomy":"category","embeddable":true,"href":"https:\/\/sinprofaz.org.br\/2024\/wp-json\/wp\/v2\/categories?post=2243"},{"taxonomy":"post_tag","embeddable":true,"href":"https:\/\/sinprofaz.org.br\/2024\/wp-json\/wp\/v2\/tags?post=2243"}],"curies":[{"name":"wp","href":"https:\/\/api.w.org\/{rel}","templated":true}]}}