{"id":2237,"date":"2015-05-11T14:14:13","date_gmt":"2015-05-11T14:14:13","guid":{"rendered":""},"modified":"2016-07-19T19:37:55","modified_gmt":"2016-07-19T19:37:55","slug":"sinprofaz-e-colegas-advogados-publicos-federais-no-ceara-promovem-cafe-da-manha-com-deputados-federais","status":"publish","type":"post","link":"https:\/\/sinprofaz.org.br\/2024\/noticias\/sinprofaz-e-colegas-advogados-publicos-federais-no-ceara-promovem-cafe-da-manha-com-deputados-federais\/","title":{"rendered":"SINPROFAZ e Colegas Advogados P\u00fablicos Federais no Cear\u00e1 promovem caf\u00e9 da manh\u00e3 com deputados federais"},"content":{"rendered":"<p>SINPROFAZ e Colegas da APF selam apoio de diversos deputados em evento no Cear\u00e1.<\/p>\n<p>O deputado federal Odorico Monteiro (PT-CE) assumiu o compromisso de ser um mediador em prol da PEC 443.<\/p>\n<p>Raimundo Gomes de Matos (PSDB-CE), por sua vez, tamb\u00e9m manifestou apoio \u00e0 PEC. Segundo ele, o momento \u00e9 esse.<\/p>\n<p>Mais de 100 Advogados P\u00fablicos Federais estavam presentes, al\u00e9m dos Procuradores-chefes da Fazenda Nacional, da Uni\u00e3o Federal, do Banco Central e o Procurador-chefe Federal.<\/p>\n<p>Os deputados Chico Lopes (PCdoB-CE) e Gorete Pereira (PR-CE) tamb\u00e9m compareceram ao evento e demonstraram apoio \u00e0 PEC 443.<\/p>\n<p>J\u00e1 os deputados Jos\u00e9 Airton (PT-CE), Andr\u00e9 Figueiredo (PDT-CE), Arnon Bezerra (PTB-CE) e Moses Rodrigues (PPS-CE) enviaram representantes.<\/p>\n<p>O l\u00edder do governo na C\u00e2mara Federal, Jos\u00e9 Guimar\u00e3es (PT-CE) tamb\u00e9m enviou um assessor para represent\u00e1-lo no evento.<\/p>\n\n\t\t<style type=\"text\/css\">\n\t\t\t#gallery-1 {\n\t\t\t\tmargin: auto;\n\t\t\t}\n\t\t\t#gallery-1 .gallery-item {\n\t\t\t\tfloat: left;\n\t\t\t\tmargin-top: 10px;\n\t\t\t\ttext-align: center;\n\t\t\t\twidth: 33%;\n\t\t\t}\n\t\t\t#gallery-1 img {\n\t\t\t\tborder: 2px solid #cfcfcf;\n\t\t\t}\n\t\t\t#gallery-1 .gallery-caption {\n\t\t\t\tmargin-left: 0;\n\t\t\t}\n\t\t\t\/* see gallery_shortcode() in wp-includes\/media.php *\/\n\t\t<\/style>\n\t\t<div id='gallery-1' class='gallery galleryid-2237 gallery-columns-3 gallery-size-thumbnail'><dl class='gallery-item'>\n\t\t\t<dt class='gallery-icon landscape'>\n\t\t\t\t<a href='https:\/\/sinprofaz.org.br\/2024\/wp-content\/uploads\/2015\/05\/0215.jpg'><img loading=\"lazy\" decoding=\"async\" width=\"150\" height=\"150\" src=\"https:\/\/sinprofaz.org.br\/2024\/wp-content\/uploads\/2015\/05\/0215-150x150.jpg\" class=\"attachment-thumbnail size-thumbnail\" alt=\"\" \/><\/a>\n\t\t\t<\/dt><\/dl><dl class='gallery-item'>\n\t\t\t<dt class='gallery-icon landscape'>\n\t\t\t\t<a href='https:\/\/sinprofaz.org.br\/2024\/wp-content\/uploads\/2015\/05\/039.jpg'><img loading=\"lazy\" decoding=\"async\" width=\"150\" height=\"150\" src=\"https:\/\/sinprofaz.org.br\/2024\/wp-content\/uploads\/2015\/05\/039-150x150.jpg\" class=\"attachment-thumbnail size-thumbnail\" alt=\"\" \/><\/a>\n\t\t\t<\/dt><\/dl><dl class='gallery-item'>\n\t\t\t<dt class='gallery-icon landscape'>\n\t\t\t\t<a href='https:\/\/sinprofaz.org.br\/2024\/wp-content\/uploads\/2015\/05\/045.jpg'><img loading=\"lazy\" decoding=\"async\" width=\"150\" height=\"150\" src=\"https:\/\/sinprofaz.org.br\/2024\/wp-content\/uploads\/2015\/05\/045-150x150.jpg\" class=\"attachment-thumbnail size-thumbnail\" alt=\"\" \/><\/a>\n\t\t\t<\/dt><\/dl><br style=\"clear: both\" \/>\n\t\t<\/div>\n\n","protected":false},"excerpt":{"rendered":"<p>SINPROFAZ e Colegas da APF selam apoio de diversos deputados em evento no Cear\u00e1.<\/p>\n","protected":false},"author":1,"featured_media":5482,"comment_status":"closed","ping_status":"open","sticky":false,"template":"","format":"standard","meta":{"footnotes":""},"categories":[8],"tags":[],"featured_image_url":"https:\/\/sinprofaz.org.br\/2024\/wp-content\/uploads\/2015\/05\/0156-900x198.jpg","character_count":623,"formatted_date":"11\/05\/2015 - 14:14","contentNovo":"<p>SINPROFAZ e Colegas da APF selam apoio de diversos deputados em evento no Cear\u00e1.<\/p>\r\n<p>O deputado federal Odorico Monteiro (PT-CE) assumiu o compromisso de ser um mediador em prol da PEC 443.<\/p>\r\n<p>Raimundo Gomes de Matos (PSDB-CE), por sua vez, tamb\u00e9m manifestou apoio \u00e0 PEC. Segundo ele, o momento \u00e9 esse.<\/p>\r\n<p>Mais de 100 Advogados P\u00fablicos Federais estavam presentes, al\u00e9m dos Procuradores-chefes da Fazenda Nacional, da Uni\u00e3o Federal, do Banco Central e o Procurador-chefe Federal.<\/p>\r\n<p>Os deputados Chico Lopes (PCdoB-CE) e Gorete Pereira (PR-CE) tamb\u00e9m compareceram ao evento e demonstraram apoio \u00e0 PEC 443.<\/p>\r\n<p>J\u00e1 os deputados Jos\u00e9 Airton (PT-CE), Andr\u00e9 Figueiredo (PDT-CE), Arnon Bezerra (PTB-CE) e Moses Rodrigues (PPS-CE) enviaram representantes.<\/p>\r\n<p>O l\u00edder do governo na C\u00e2mara Federal, Jos\u00e9 Guimar\u00e3es (PT-CE) tamb\u00e9m enviou um assessor para represent\u00e1-lo no evento.<\/p>\r\n[gallery link=\"file\" ids=\"5483,5484,5485\"]\r\n","_links":{"self":[{"href":"https:\/\/sinprofaz.org.br\/2024\/wp-json\/wp\/v2\/posts\/2237"}],"collection":[{"href":"https:\/\/sinprofaz.org.br\/2024\/wp-json\/wp\/v2\/posts"}],"about":[{"href":"https:\/\/sinprofaz.org.br\/2024\/wp-json\/wp\/v2\/types\/post"}],"author":[{"embeddable":true,"href":"https:\/\/sinprofaz.org.br\/2024\/wp-json\/wp\/v2\/users\/1"}],"replies":[{"embeddable":true,"href":"https:\/\/sinprofaz.org.br\/2024\/wp-json\/wp\/v2\/comments?post=2237"}],"version-history":[{"count":2,"href":"https:\/\/sinprofaz.org.br\/2024\/wp-json\/wp\/v2\/posts\/2237\/revisions"}],"predecessor-version":[{"id":5486,"href":"https:\/\/sinprofaz.org.br\/2024\/wp-json\/wp\/v2\/posts\/2237\/revisions\/5486"}],"wp:featuredmedia":[{"embeddable":true,"href":"https:\/\/sinprofaz.org.br\/2024\/wp-json\/wp\/v2\/media\/5482"}],"wp:attachment":[{"href":"https:\/\/sinprofaz.org.br\/2024\/wp-json\/wp\/v2\/media?parent=2237"}],"wp:term":[{"taxonomy":"category","embeddable":true,"href":"https:\/\/sinprofaz.org.br\/2024\/wp-json\/wp\/v2\/categories?post=2237"},{"taxonomy":"post_tag","embeddable":true,"href":"https:\/\/sinprofaz.org.br\/2024\/wp-json\/wp\/v2\/tags?post=2237"}],"curies":[{"name":"wp","href":"https:\/\/api.w.org\/{rel}","templated":true}]}}