{"id":2234,"date":"2015-05-07T16:26:54","date_gmt":"2015-05-07T16:26:54","guid":{"rendered":""},"modified":"2016-07-19T19:50:41","modified_gmt":"2016-07-19T19:50:41","slug":"sinprofaz-reune-se-com-deputados-em-audiencia-sobre-a-pec-443","status":"publish","type":"post","link":"https:\/\/sinprofaz.org.br\/2024\/noticias\/sinprofaz-reune-se-com-deputados-em-audiencia-sobre-a-pec-443\/","title":{"rendered":"SINPROFAZ re\u00fane-se com deputados em audi\u00eancia sobre a PEC 443"},"content":{"rendered":"<p>Na \u00faltima quarta-feira (07), o SINPROFAZ e demais entidades representativas da Advocacia P\u00fablica Federal e de delegados de Pol\u00edcia do Brasil reuniram-se com parlamentares na C\u00e2mara Federal em evento em prol da PEC 443\/2009. A proposta prev\u00ea a igualdade reumunerat\u00f3ria entre as carreiras jur\u00eddicas. Das Fun\u00e7\u00f5es Essenciais \u00e0 Justi\u00e7a, a Adovacia-Geral da Uni\u00e3o \u00e9 a \u00fanica cujas carreiras ainda n\u00e3o tem paridade salarial com a magistratura.<\/p>\n<p>O Presidente do SINPROFAZ, Her\u00e1clio Camargo, assim como o Vice-presidente da ANPAF, Rog\u00e9rio Filomeno, defenderam a coloca\u00e7\u00e3o em pauta e vota\u00e7\u00e3o da PEC 443\/2009. O apoio foi suprapartid\u00e1rio e todos os deputados presentes entederam a import\u00e2ncia da mat\u00e9ria.<\/p>\n<p>Na ocasi\u00e3o, diversos deputados apoiaram a PEC, como Manoel J\u00fanior (PMDB-PB), Guilherme Mussi (PP-SP), Evandro Gussi (PV-SP), Ronaldo Fonseca (PROS-DF), Fausto Pinato (PRB-SP), R\u00f4mulo Gouveia (PSD-PB), Ricardo Izar (PSD-SP). O pleito tamb\u00e9m foi defendido pelos parlamentares Celso Pansera (PMDB-RJ), Jo\u00e3o Campos (PSDB-GO), R\u00f4ney Nemer (PMDB-DF), Laerte Bessa (PR-DF), Izalci (PSDB-DF), entre outros.<\/p>\n\n\t\t<style type=\"text\/css\">\n\t\t\t#gallery-1 {\n\t\t\t\tmargin: auto;\n\t\t\t}\n\t\t\t#gallery-1 .gallery-item {\n\t\t\t\tfloat: left;\n\t\t\t\tmargin-top: 10px;\n\t\t\t\ttext-align: center;\n\t\t\t\twidth: 33%;\n\t\t\t}\n\t\t\t#gallery-1 img {\n\t\t\t\tborder: 2px solid #cfcfcf;\n\t\t\t}\n\t\t\t#gallery-1 .gallery-caption {\n\t\t\t\tmargin-left: 0;\n\t\t\t}\n\t\t\t\/* see gallery_shortcode() in wp-includes\/media.php *\/\n\t\t<\/style>\n\t\t<div id='gallery-1' class='gallery galleryid-2234 gallery-columns-3 gallery-size-thumbnail'><dl class='gallery-item'>\n\t\t\t<dt class='gallery-icon landscape'>\n\t\t\t\t<a href='https:\/\/sinprofaz.org.br\/2024\/wp-content\/uploads\/2015\/05\/0217.jpg'><img loading=\"lazy\" decoding=\"async\" width=\"150\" height=\"150\" src=\"https:\/\/sinprofaz.org.br\/2024\/wp-content\/uploads\/2015\/05\/0217-150x150.jpg\" class=\"attachment-thumbnail size-thumbnail\" alt=\"\" \/><\/a>\n\t\t\t<\/dt><\/dl><dl class='gallery-item'>\n\t\t\t<dt class='gallery-icon landscape'>\n\t\t\t\t<a href='https:\/\/sinprofaz.org.br\/2024\/wp-content\/uploads\/2015\/05\/0310.jpg'><img loading=\"lazy\" decoding=\"async\" width=\"150\" height=\"150\" src=\"https:\/\/sinprofaz.org.br\/2024\/wp-content\/uploads\/2015\/05\/0310-150x150.jpg\" class=\"attachment-thumbnail size-thumbnail\" alt=\"\" \/><\/a>\n\t\t\t<\/dt><\/dl><dl class='gallery-item'>\n\t\t\t<dt class='gallery-icon landscape'>\n\t\t\t\t<a href='https:\/\/sinprofaz.org.br\/2024\/wp-content\/uploads\/2015\/05\/046.jpg'><img loading=\"lazy\" decoding=\"async\" width=\"150\" height=\"150\" src=\"https:\/\/sinprofaz.org.br\/2024\/wp-content\/uploads\/2015\/05\/046-150x150.jpg\" class=\"attachment-thumbnail size-thumbnail\" alt=\"\" \/><\/a>\n\t\t\t<\/dt><\/dl><br style=\"clear: both\" \/><dl class='gallery-item'>\n\t\t\t<dt class='gallery-icon landscape'>\n\t\t\t\t<a href='https:\/\/sinprofaz.org.br\/2024\/wp-content\/uploads\/2015\/05\/054.jpg'><img loading=\"lazy\" decoding=\"async\" width=\"150\" height=\"150\" src=\"https:\/\/sinprofaz.org.br\/2024\/wp-content\/uploads\/2015\/05\/054-150x150.jpg\" class=\"attachment-thumbnail size-thumbnail\" alt=\"\" \/><\/a>\n\t\t\t<\/dt><\/dl>\n\t\t\t<br style='clear: both' \/>\n\t\t<\/div>\n\n","protected":false},"excerpt":{"rendered":"<p>Em audi\u00eancia na C\u00e2mara Federal, o Presidente do SINPROFAZ, Her\u00e1clio Camargo, discursou em favor da PEC 443\/2009 e selou o apoio de diversos parlamentares ao pleito.<\/p>\n","protected":false},"author":1,"featured_media":5494,"comment_status":"closed","ping_status":"open","sticky":false,"template":"","format":"standard","meta":{"footnotes":""},"categories":[8],"tags":[],"featured_image_url":"https:\/\/sinprofaz.org.br\/2024\/wp-content\/uploads\/2015\/05\/0159-940x198.jpg","character_count":758,"formatted_date":"07\/05\/2015 - 16:26","contentNovo":"<p>Na \u00faltima quarta-feira (07), o SINPROFAZ e demais entidades representativas da Advocacia P\u00fablica Federal e de delegados de Pol\u00edcia do Brasil reuniram-se com parlamentares na C\u00e2mara Federal em evento em prol da PEC 443\/2009. A proposta prev\u00ea a igualdade reumunerat\u00f3ria entre as carreiras jur\u00eddicas. Das Fun\u00e7\u00f5es Essenciais \u00e0 Justi\u00e7a, a Adovacia-Geral da Uni\u00e3o \u00e9 a \u00fanica cujas carreiras ainda n\u00e3o tem paridade salarial com a magistratura.<\/p>\r\n<p>O Presidente do SINPROFAZ, Her\u00e1clio Camargo, assim como o Vice-presidente da ANPAF, Rog\u00e9rio Filomeno, defenderam a coloca\u00e7\u00e3o em pauta e vota\u00e7\u00e3o da PEC 443\/2009. O apoio foi suprapartid\u00e1rio e todos os deputados presentes entederam a import\u00e2ncia da mat\u00e9ria.<\/p>\r\n<p>Na ocasi\u00e3o, diversos deputados apoiaram a PEC, como Manoel J\u00fanior (PMDB-PB), Guilherme Mussi (PP-SP), Evandro Gussi (PV-SP), Ronaldo Fonseca (PROS-DF), Fausto Pinato (PRB-SP), R\u00f4mulo Gouveia (PSD-PB), Ricardo Izar (PSD-SP). O pleito tamb\u00e9m foi defendido pelos parlamentares Celso Pansera (PMDB-RJ), Jo\u00e3o Campos (PSDB-GO), R\u00f4ney Nemer (PMDB-DF), Laerte Bessa (PR-DF), Izalci (PSDB-DF), entre outros.<\/p>\r\n[gallery link=\"file\" ids=\"5495,5496,5497,5498\"]","_links":{"self":[{"href":"https:\/\/sinprofaz.org.br\/2024\/wp-json\/wp\/v2\/posts\/2234"}],"collection":[{"href":"https:\/\/sinprofaz.org.br\/2024\/wp-json\/wp\/v2\/posts"}],"about":[{"href":"https:\/\/sinprofaz.org.br\/2024\/wp-json\/wp\/v2\/types\/post"}],"author":[{"embeddable":true,"href":"https:\/\/sinprofaz.org.br\/2024\/wp-json\/wp\/v2\/users\/1"}],"replies":[{"embeddable":true,"href":"https:\/\/sinprofaz.org.br\/2024\/wp-json\/wp\/v2\/comments?post=2234"}],"version-history":[{"count":2,"href":"https:\/\/sinprofaz.org.br\/2024\/wp-json\/wp\/v2\/posts\/2234\/revisions"}],"predecessor-version":[{"id":5499,"href":"https:\/\/sinprofaz.org.br\/2024\/wp-json\/wp\/v2\/posts\/2234\/revisions\/5499"}],"wp:featuredmedia":[{"embeddable":true,"href":"https:\/\/sinprofaz.org.br\/2024\/wp-json\/wp\/v2\/media\/5494"}],"wp:attachment":[{"href":"https:\/\/sinprofaz.org.br\/2024\/wp-json\/wp\/v2\/media?parent=2234"}],"wp:term":[{"taxonomy":"category","embeddable":true,"href":"https:\/\/sinprofaz.org.br\/2024\/wp-json\/wp\/v2\/categories?post=2234"},{"taxonomy":"post_tag","embeddable":true,"href":"https:\/\/sinprofaz.org.br\/2024\/wp-json\/wp\/v2\/tags?post=2234"}],"curies":[{"name":"wp","href":"https:\/\/api.w.org\/{rel}","templated":true}]}}