{"id":2232,"date":"2015-05-06T18:40:54","date_gmt":"2015-05-06T18:40:54","guid":{"rendered":""},"modified":"2016-07-19T20:49:02","modified_gmt":"2016-07-19T20:49:02","slug":"sinprofaz-agradece-contribuicao-da-oab-na-aprovacao-dos-honorarios","status":"publish","type":"post","link":"https:\/\/sinprofaz.org.br\/2024\/noticias\/sinprofaz-agradece-contribuicao-da-oab-na-aprovacao-dos-honorarios\/","title":{"rendered":"SINPROFAZ agradece contribui\u00e7\u00e3o da OAB na aprova\u00e7\u00e3o dos Honor\u00e1rios"},"content":{"rendered":"<p>O SINPROFAZ e as demais entidades do Movimento Nacional pela Advocacia P\u00fablica estiveram no Conselho Federal da OAB nesta semana para agradecer a contribui\u00e7\u00e3o inestim\u00e1vel do Presidente Marco Vin\u00edcius Furtado Co\u00ealho e do Vice-presidente Cl\u00e1udio Lamachia para a aprova\u00e7\u00e3o e san\u00e7\u00e3o dos Honor\u00e1rios de sucumb\u00eancia no novo C\u00f3digo de Processo Civil.<\/p>\n<p>Continuaremos com o trabalho coordenado e contando com a participa\u00e7\u00e3o da OAB em todos os pleitos justos e dignos da Advocacia P\u00fablica Federal.<\/p>\n","protected":false},"excerpt":{"rendered":"<p>SINPROFAZ agradece contribui\u00e7\u00e3o fundamental do Conselho Federal da OAB na aprova\u00e7\u00e3o dos Honor\u00e1rios.<\/p>\n","protected":false},"author":1,"featured_media":5521,"comment_status":"closed","ping_status":"open","sticky":false,"template":"","format":"standard","meta":{"footnotes":""},"categories":[8],"tags":[],"featured_image_url":"https:\/\/sinprofaz.org.br\/2024\/wp-content\/uploads\/2015\/05\/0161-800x198.jpg","character_count":252,"formatted_date":"06\/05\/2015 - 18:40","contentNovo":"<p>O SINPROFAZ e as demais entidades do Movimento Nacional pela Advocacia P\u00fablica estiveram no Conselho Federal da OAB nesta semana para agradecer a contribui\u00e7\u00e3o inestim\u00e1vel do Presidente Marco Vin\u00edcius Furtado Co\u00ealho e do Vice-presidente Cl\u00e1udio Lamachia para a aprova\u00e7\u00e3o e san\u00e7\u00e3o dos Honor\u00e1rios de sucumb\u00eancia no novo C\u00f3digo de Processo Civil.<\/p>\r\n<p>Continuaremos com o trabalho coordenado e contando com a participa\u00e7\u00e3o da OAB em todos os pleitos justos e dignos da Advocacia P\u00fablica Federal.<\/p>","_links":{"self":[{"href":"https:\/\/sinprofaz.org.br\/2024\/wp-json\/wp\/v2\/posts\/2232"}],"collection":[{"href":"https:\/\/sinprofaz.org.br\/2024\/wp-json\/wp\/v2\/posts"}],"about":[{"href":"https:\/\/sinprofaz.org.br\/2024\/wp-json\/wp\/v2\/types\/post"}],"author":[{"embeddable":true,"href":"https:\/\/sinprofaz.org.br\/2024\/wp-json\/wp\/v2\/users\/1"}],"replies":[{"embeddable":true,"href":"https:\/\/sinprofaz.org.br\/2024\/wp-json\/wp\/v2\/comments?post=2232"}],"version-history":[{"count":1,"href":"https:\/\/sinprofaz.org.br\/2024\/wp-json\/wp\/v2\/posts\/2232\/revisions"}],"predecessor-version":[{"id":5522,"href":"https:\/\/sinprofaz.org.br\/2024\/wp-json\/wp\/v2\/posts\/2232\/revisions\/5522"}],"wp:featuredmedia":[{"embeddable":true,"href":"https:\/\/sinprofaz.org.br\/2024\/wp-json\/wp\/v2\/media\/5521"}],"wp:attachment":[{"href":"https:\/\/sinprofaz.org.br\/2024\/wp-json\/wp\/v2\/media?parent=2232"}],"wp:term":[{"taxonomy":"category","embeddable":true,"href":"https:\/\/sinprofaz.org.br\/2024\/wp-json\/wp\/v2\/categories?post=2232"},{"taxonomy":"post_tag","embeddable":true,"href":"https:\/\/sinprofaz.org.br\/2024\/wp-json\/wp\/v2\/tags?post=2232"}],"curies":[{"name":"wp","href":"https:\/\/api.w.org\/{rel}","templated":true}]}}