{"id":2229,"date":"2015-05-05T18:11:08","date_gmt":"2015-05-05T18:11:08","guid":{"rendered":""},"modified":"2016-08-01T12:23:12","modified_gmt":"2016-08-01T12:23:12","slug":"forvm-unafe-e-anauni-reunem-se-com-coordenador-de-relacoes-sindicais-do-mpog","status":"publish","type":"post","link":"https:\/\/sinprofaz.org.br\/2024\/noticias\/forvm-unafe-e-anauni-reunem-se-com-coordenador-de-relacoes-sindicais-do-mpog\/","title":{"rendered":"FORVM, Unafe e Anauni reunem-se com Coordenador de Rela\u00e7\u00f5es Sindicais do MPOG"},"content":{"rendered":"<p>Na manh\u00e3 de hoje (05), o Forvm Nacional da Advocacia P\u00fablica Federal (SINPROFAZ, APBC, ANAJUR, ANPAF e ANPPREV), a Uni\u00e3o dos Advogados P\u00fablicos Federais do Brasil e a Associa\u00e7\u00e3o Nacional dos Advogados da Uni\u00e3o reuniram-se com o Secret\u00e1rio S\u00e9rgio Mendon\u00e7a e com Coordenador-Geral de Rela\u00e7\u00f5es Sindicais Jos\u00e9 Borges de Carvalho. A reuni\u00e3o ocorreu a pedido do pr\u00f3prio Secret\u00e1rio, em obedi\u00eancia ao acordo do \u00faltimo evento ocorrido no MPOG. Naquela ocasi\u00e3o, o Ministro do Planejamento, Nelson Barbosa, disse que as associa\u00e7\u00f5es representativas de classe seriam ouvidas setorialmente para viabilizar a resolu\u00e7\u00e3o de suas demandas.<\/p>\n<p>Foi ressaltada, ainda, a quest\u00e3o remunerat\u00f3ria, sob a dire\u00e7\u00e3o da PEC 443\/2009. A proposta prev\u00ea a paridade remunerat\u00f3ria entre as carreiras jur\u00eddicas e \u00e9 constitucional. No entanto, ainda encontra resist\u00eancia entre as autoridades do governo. Sobre o assunto, o Presidente do F\u00f3rvm e do SINPROFAZ, Her\u00e1clio Camargo, afirmou que \u201co impacto causado pela PEC 443 \u00e9 insignificante perto do que a AGU recupera e preserva. (&#8230;) Al\u00e9m disso, n\u00e3o se trata de um privil\u00e9gio; \u00e9 a simetria entre as Fun\u00e7\u00f5es Essenciais \u00e0 Justi\u00e7a, que a Constitui\u00e7\u00e3o prescreve\u201d.<\/p>\n<p>Na reuni\u00e3o de hoje foram discutidos os 11 pontos que haviam sido acordados pelas entidades representativas, quais sejam:<\/p>\n<p>a. Seja integralmente cumprido o Acordo Salarial de 2012, com regulamenta\u00e7\u00e3o da distribui\u00e7\u00e3o dos honor\u00e1rios de sucumb\u00eancia;<\/p>\n<p>b. Disposi\u00e7\u00e3o para apoiar as proposi\u00e7\u00f5es legislativas em tr\u00e2mite no Congresso Nacional: PECs n.\u00ba 82\/2007 e 443\/2009;<\/p>\n<p>c. Convoca\u00e7\u00e3o de todos os candidatos aprovados nos concursos de Procurador do Banco Central do Brasil e de Procurador Federal;<\/p>\n<p>d. Cria\u00e7\u00e3o imediata de uma carreira de apoio aos Advogados P\u00fablicos Federais, com lan\u00e7amento de edital incontinenti;<\/p>\n<p>e. Reavalia\u00e7\u00e3o da organiza\u00e7\u00e3o remunerat\u00f3ria, para que, tendo-se o subs\u00eddio do Advogado-Geral da Uni\u00e3o (atuais R$ 30.934,70) como teto da Carreira, haja um escalonamento a partir de 5% entre os demais n\u00edveis das carreiras;<\/p>\n<p>f. Reconhecimento do direito \u00e0 advocacia liberal aos membros da AGU;<\/p>\n<p>g. Indeniza\u00e7\u00e3o por ac\u00famulo de atribui\u00e7\u00f5es e trabalho extraordin\u00e1rio, nos moldes do que se reconhece para a magistratura federal e para o membros do MPU;<\/p>\n<p>h. Reajustamento do valor do aux\u00edlio-alimenta\u00e7\u00e3o, do aux\u00edlio-sa\u00fade, do aux\u00edlio-pr\u00e9-escolar e das di\u00e1rias, utilizando-se como par\u00e2metro os valores atribu\u00eddos \u00e0s demais carreiras do sistema de Justi\u00e7a;<\/p>\n<p>i. Gratifica\u00e7\u00e3o pela atua\u00e7\u00e3o na Justi\u00e7a Eleitoral;<\/p>\n<p>j. Isonomia nas sistem\u00e1ticas de promo\u00e7\u00e3o de todas as quatro carreiras da Advocacia P\u00fablica Federal.; e<\/p>\n<p>k. Respeito \u00e0 jornada de trabalho de 40 horas semanais, com a cria\u00e7\u00e3o de um limite m\u00e1ximo de intima\u00e7\u00f5es semanais por Advogado.<\/p>\n<p>Al\u00e9m disso, foi ressaltada a falta de estrutura da Advocacia-Geral da Uni\u00e3o. N\u00e3o h\u00e1 carreira de apoio nem condi\u00e7\u00f5es estruturais para o exerc\u00edcio de fun\u00e7\u00f5es b\u00e1sicas dos Advogados P\u00fablicos Federais. Por isso, \u00e9 t\u00e3o importante que a PEC 82\/2007 seja regulamentada. Dessa maneira, com autonomia administrativa, a AGU poder\u00e1 servir melhor ao Estado Brasileiro.<\/p>\n<p>As entidades da APF tamb\u00e9m insistiram no fato de que n\u00e3o \u00e9 suficiente a regulamenta\u00e7\u00e3o dos honor\u00e1rios se o subs\u00eddio oferecido pelo governo n\u00e3o for suficiente. A quest\u00e3o tem a dimens\u00e3o estrutural e conjuntural e ambas devem ser endere\u00e7adas ao governo.<\/p>\n<p>Durante a reuni\u00e3o, foram apresentados, tamb\u00e9m, diversas an\u00e1lises e estudos comparativos, em que s\u00e3o apontadas as perdas salariais na AGU. Esse estudo \u00e9 apenas parte da farta documenta\u00e7\u00e3o que as entidades apresentaram para comprovar a disparidade remunerat\u00f3ria que existe entre as carreiras jur\u00eddicas e a magistratura.<\/p>\n<p>As demandas foram recebidas pelo Coordenador Jos\u00e9 Borges, bem como pelos Secret\u00e1rios S\u00e9rgio Mendon\u00e7a, Edina Rocha Lima, e pelo assessor, Wladimir Nepumoceno. A equipe compreendeu a situa\u00e7\u00e3o de sucateamento na qual se encontram as Carreiras da AGU.<\/p>\n<p>Entretanto, o Presidente do F\u00f3rvm, Her\u00e1clio Camargo, alertou para a intensifica\u00e7\u00e3o de mobiliza\u00e7\u00e3o que est\u00e1 ocorrendo no SINPROFAZ e nas demais entidades representativas, por meio da campanha de Recusa, Compromisso e Entrega. \u201cA quest\u00e3o n\u00e3o \u00e9 romper o di\u00e1logo, mas pressionar o Governo para conseguir mudan\u00e7as estruturais e referir para o Congresso Nacional a vota\u00e7\u00e3o das PECs\u201d.<\/p>\n\n\t\t<style type=\"text\/css\">\n\t\t\t#gallery-1 {\n\t\t\t\tmargin: auto;\n\t\t\t}\n\t\t\t#gallery-1 .gallery-item {\n\t\t\t\tfloat: left;\n\t\t\t\tmargin-top: 10px;\n\t\t\t\ttext-align: center;\n\t\t\t\twidth: 33%;\n\t\t\t}\n\t\t\t#gallery-1 img {\n\t\t\t\tborder: 2px solid #cfcfcf;\n\t\t\t}\n\t\t\t#gallery-1 .gallery-caption {\n\t\t\t\tmargin-left: 0;\n\t\t\t}\n\t\t\t\/* see gallery_shortcode() in wp-includes\/media.php *\/\n\t\t<\/style>\n\t\t<div id='gallery-1' class='gallery galleryid-2229 gallery-columns-3 gallery-size-thumbnail'><dl class='gallery-item'>\n\t\t\t<dt class='gallery-icon landscape'>\n\t\t\t\t<a href='https:\/\/sinprofaz.org.br\/2024\/wp-content\/uploads\/2015\/05\/0219.jpg'><img loading=\"lazy\" decoding=\"async\" width=\"150\" height=\"150\" src=\"https:\/\/sinprofaz.org.br\/2024\/wp-content\/uploads\/2015\/05\/0219-150x150.jpg\" class=\"attachment-thumbnail size-thumbnail\" alt=\"\" \/><\/a>\n\t\t\t<\/dt><\/dl>\n\t\t\t<br style='clear: both' \/>\n\t\t<\/div>\n\n","protected":false},"excerpt":{"rendered":"<p>Na manh\u00e3 de hoje (05), o Forvm Nacional da Advocacia P\u00fablica Federal (SINPROFAZ, APBC, ANAJUR, ANPAF e ANPPREV), a Uni\u00e3o dos Advogados P\u00fablicos Federais do Brasil e a Associa\u00e7\u00e3o Nacional dos Advogados da Uni\u00e3o reuniram-se com o Secret\u00e1rio S\u00e9rgio Mendon\u00e7a e com Coordenador-Geral de Rela\u00e7\u00f5es Sindicais Jos\u00e9 Borges de Carvalho.<\/p>\n","protected":false},"author":1,"featured_media":5586,"comment_status":"closed","ping_status":"open","sticky":false,"template":"","format":"standard","meta":{"footnotes":""},"categories":[8],"tags":[],"featured_image_url":"https:\/\/sinprofaz.org.br\/2024\/wp-content\/uploads\/2015\/05\/0164-800x198.jpg","character_count":2390,"formatted_date":"05\/05\/2015 - 18:11","contentNovo":"<p>Na manh\u00e3 de hoje (05), o Forvm Nacional da Advocacia P\u00fablica Federal (SINPROFAZ, APBC, ANAJUR, ANPAF e ANPPREV), a Uni\u00e3o dos Advogados P\u00fablicos Federais do Brasil e a Associa\u00e7\u00e3o Nacional dos Advogados da Uni\u00e3o reuniram-se com o Secret\u00e1rio S\u00e9rgio Mendon\u00e7a e com Coordenador-Geral de Rela\u00e7\u00f5es Sindicais Jos\u00e9 Borges de Carvalho. A reuni\u00e3o ocorreu a pedido do pr\u00f3prio Secret\u00e1rio, em obedi\u00eancia ao acordo do \u00faltimo evento ocorrido no MPOG. Naquela ocasi\u00e3o, o Ministro do Planejamento, Nelson Barbosa, disse que as associa\u00e7\u00f5es representativas de classe seriam ouvidas setorialmente para viabilizar a resolu\u00e7\u00e3o de suas demandas.<\/p>\r\n<p>Foi ressaltada, ainda, a quest\u00e3o remunerat\u00f3ria, sob a dire\u00e7\u00e3o da PEC 443\/2009. A proposta prev\u00ea a paridade remunerat\u00f3ria entre as carreiras jur\u00eddicas e \u00e9 constitucional. No entanto, ainda encontra resist\u00eancia entre as autoridades do governo. Sobre o assunto, o Presidente do F\u00f3rvm e do SINPROFAZ, Her\u00e1clio Camargo, afirmou que \u201co impacto causado pela PEC 443 \u00e9 insignificante perto do que a AGU recupera e preserva. (...) Al\u00e9m disso, n\u00e3o se trata de um privil\u00e9gio; \u00e9 a simetria entre as Fun\u00e7\u00f5es Essenciais \u00e0 Justi\u00e7a, que a Constitui\u00e7\u00e3o prescreve\u201d.<\/p>\r\n<p>Na reuni\u00e3o de hoje foram discutidos os 11 pontos que haviam sido acordados pelas entidades representativas, quais sejam:<\/p>\r\n<p>a. Seja integralmente cumprido o Acordo Salarial de 2012, com regulamenta\u00e7\u00e3o da distribui\u00e7\u00e3o dos honor\u00e1rios de sucumb\u00eancia;<\/p>\r\n<p>b. Disposi\u00e7\u00e3o para apoiar as proposi\u00e7\u00f5es legislativas em tr\u00e2mite no Congresso Nacional: PECs n.\u00ba 82\/2007 e 443\/2009;<\/p>\r\n<p>c. Convoca\u00e7\u00e3o de todos os candidatos aprovados nos concursos de Procurador do Banco Central do Brasil e de Procurador Federal;<\/p>\r\n<p>d. Cria\u00e7\u00e3o imediata de uma carreira de apoio aos Advogados P\u00fablicos Federais, com lan\u00e7amento de edital incontinenti;<\/p>\r\n<p>e. Reavalia\u00e7\u00e3o da organiza\u00e7\u00e3o remunerat\u00f3ria, para que, tendo-se o subs\u00eddio do Advogado-Geral da Uni\u00e3o (atuais R$ 30.934,70) como teto da Carreira, haja um escalonamento a partir de 5% entre os demais n\u00edveis das carreiras;<\/p>\r\n<p>f. Reconhecimento do direito \u00e0 advocacia liberal aos membros da AGU;<\/p>\r\n<p>g. Indeniza\u00e7\u00e3o por ac\u00famulo de atribui\u00e7\u00f5es e trabalho extraordin\u00e1rio, nos moldes do que se reconhece para a magistratura federal e para o membros do MPU;<\/p>\r\n<p>h. Reajustamento do valor do aux\u00edlio-alimenta\u00e7\u00e3o, do aux\u00edlio-sa\u00fade, do aux\u00edlio-pr\u00e9-escolar e das di\u00e1rias, utilizando-se como par\u00e2metro os valores atribu\u00eddos \u00e0s demais carreiras do sistema de Justi\u00e7a;<\/p>\r\n<p>i. Gratifica\u00e7\u00e3o pela atua\u00e7\u00e3o na Justi\u00e7a Eleitoral;<\/p>\r\n<p>j. Isonomia nas sistem\u00e1ticas de promo\u00e7\u00e3o de todas as quatro carreiras da Advocacia P\u00fablica Federal.; e<\/p>\r\n<p>k. Respeito \u00e0 jornada de trabalho de 40 horas semanais, com a cria\u00e7\u00e3o de um limite m\u00e1ximo de intima\u00e7\u00f5es semanais por Advogado.<\/p>\r\n<p>Al\u00e9m disso, foi ressaltada a falta de estrutura da Advocacia-Geral da Uni\u00e3o. N\u00e3o h\u00e1 carreira de apoio nem condi\u00e7\u00f5es estruturais para o exerc\u00edcio de fun\u00e7\u00f5es b\u00e1sicas dos Advogados P\u00fablicos Federais. Por isso, \u00e9 t\u00e3o importante que a PEC 82\/2007 seja regulamentada. Dessa maneira, com autonomia administrativa, a AGU poder\u00e1 servir melhor ao Estado Brasileiro.<\/p>\r\n<p>As entidades da APF tamb\u00e9m insistiram no fato de que n\u00e3o \u00e9 suficiente a regulamenta\u00e7\u00e3o dos honor\u00e1rios se o subs\u00eddio oferecido pelo governo n\u00e3o for suficiente. A quest\u00e3o tem a dimens\u00e3o estrutural e conjuntural e ambas devem ser endere\u00e7adas ao governo.<\/p>\r\n<p>Durante a reuni\u00e3o, foram apresentados, tamb\u00e9m, diversas an\u00e1lises e estudos comparativos, em que s\u00e3o apontadas as perdas salariais na AGU. Esse estudo \u00e9 apenas parte da farta documenta\u00e7\u00e3o que as entidades apresentaram para comprovar a disparidade remunerat\u00f3ria que existe entre as carreiras jur\u00eddicas e a magistratura.<\/p>\r\n<p>As demandas foram recebidas pelo Coordenador Jos\u00e9 Borges, bem como pelos Secret\u00e1rios S\u00e9rgio Mendon\u00e7a, Edina Rocha Lima, e pelo assessor, Wladimir Nepumoceno. A equipe compreendeu a situa\u00e7\u00e3o de sucateamento na qual se encontram as Carreiras da AGU.<\/p>\r\n<p>Entretanto, o Presidente do F\u00f3rvm, Her\u00e1clio Camargo, alertou para a intensifica\u00e7\u00e3o de mobiliza\u00e7\u00e3o que est\u00e1 ocorrendo no SINPROFAZ e nas demais entidades representativas, por meio da campanha de Recusa, Compromisso e Entrega. \u201cA quest\u00e3o n\u00e3o \u00e9 romper o di\u00e1logo, mas pressionar o Governo para conseguir mudan\u00e7as estruturais e referir para o Congresso Nacional a vota\u00e7\u00e3o das PECs\u201d.<\/p>\r\n[gallery link=\"file\" ids=\"5587\"]","_links":{"self":[{"href":"https:\/\/sinprofaz.org.br\/2024\/wp-json\/wp\/v2\/posts\/2229"}],"collection":[{"href":"https:\/\/sinprofaz.org.br\/2024\/wp-json\/wp\/v2\/posts"}],"about":[{"href":"https:\/\/sinprofaz.org.br\/2024\/wp-json\/wp\/v2\/types\/post"}],"author":[{"embeddable":true,"href":"https:\/\/sinprofaz.org.br\/2024\/wp-json\/wp\/v2\/users\/1"}],"replies":[{"embeddable":true,"href":"https:\/\/sinprofaz.org.br\/2024\/wp-json\/wp\/v2\/comments?post=2229"}],"version-history":[{"count":2,"href":"https:\/\/sinprofaz.org.br\/2024\/wp-json\/wp\/v2\/posts\/2229\/revisions"}],"predecessor-version":[{"id":5588,"href":"https:\/\/sinprofaz.org.br\/2024\/wp-json\/wp\/v2\/posts\/2229\/revisions\/5588"}],"wp:featuredmedia":[{"embeddable":true,"href":"https:\/\/sinprofaz.org.br\/2024\/wp-json\/wp\/v2\/media\/5586"}],"wp:attachment":[{"href":"https:\/\/sinprofaz.org.br\/2024\/wp-json\/wp\/v2\/media?parent=2229"}],"wp:term":[{"taxonomy":"category","embeddable":true,"href":"https:\/\/sinprofaz.org.br\/2024\/wp-json\/wp\/v2\/categories?post=2229"},{"taxonomy":"post_tag","embeddable":true,"href":"https:\/\/sinprofaz.org.br\/2024\/wp-json\/wp\/v2\/tags?post=2229"}],"curies":[{"name":"wp","href":"https:\/\/api.w.org\/{rel}","templated":true}]}}