{"id":2225,"date":"2015-05-04T17:31:59","date_gmt":"2015-05-04T17:31:59","guid":{"rendered":""},"modified":"2016-08-01T12:54:02","modified_gmt":"2016-08-01T12:54:02","slug":"nota-publica-sinprofaz-denuncia-penuria-dos-servicos-medicos-no-mf","status":"publish","type":"post","link":"https:\/\/sinprofaz.org.br\/2024\/noticias\/nota-publica-sinprofaz-denuncia-penuria-dos-servicos-medicos-no-mf\/","title":{"rendered":"NOTA P\u00daBLICA: SINPROFAZ DENUNCIA PEN\u00daRIA DOS SERVI\u00c7OS M\u00c9DICOS NO MF"},"content":{"rendered":"<p>Documento ressalta a inaceit\u00e1vel falta de profissionais m\u00e9dicos vinculados a servi\u00e7os m\u00e9dicos de diversas Superintend\u00eancias de Administra\u00e7\u00e3o do minist\u00e9rio (SAMF\u2019s), o que vem obstando a realiza\u00e7\u00e3o de per\u00edcias e juntas oficiais.<\/p>\n<p>&nbsp;<\/p>\n<p>&nbsp;<\/p>\n<p style=\"clear: both; text-align: center;\"><b>NOTA P\u00daBLICA DO SINPROFAZ<\/b><\/p>\n<p style=\"text-align: justify;\">O Sindicato Nacional dos Procuradores da Fazenda Nacional &#8211; SINPROFAZ vem a p\u00fablico denunciar a situa\u00e7\u00e3o de pen\u00faria do minist\u00e9rio da Fazenda que se demonstra na inaceit\u00e1vel falta de profissionais m\u00e9dicos vinculados a servi\u00e7os m\u00e9dicos de diversas Superintend\u00eancias de Administra\u00e7\u00e3o do minist\u00e9rio (SAMF\u2019s), o que vem obstando a realiza\u00e7\u00e3o de per\u00edcias e juntas oficiais. Tal fato vem prejudicando servidores p\u00fablicos federais no exerc\u00edcio de direitos assegurados na Constitui\u00e7\u00e3o e legisla\u00e7\u00e3o espec\u00edfica, a exemplo de remo\u00e7\u00e3o e licen\u00e7as por motivo de sa\u00fade.<\/p>\n<p style=\"text-align: justify;\">A exig\u00eancia legal de per\u00edcia m\u00e9dica \u2013 realizada por perito individual ou junta m\u00e9dica \u2013 tem por fito n\u00e3o s\u00f3 a prote\u00e7\u00e3o do interesse da Administra\u00e7\u00e3o, na busca pela verdade material (assumindo a natureza de \u00f3rg\u00e3o consultivo obrigat\u00f3rio \u2013 artigo 42 da Lei n\u00ba 9.784\/99), mas tamb\u00e9m objetiva amparar os leg\u00edtimos direitos dos servidores-administrados. Demais disso, as Autoridades Administrativas incorrem em conduta de legalidade question\u00e1vel, ao proferirem decis\u00f5es em processos administrativos em que, por expressa previs\u00e3o legal, deveria haver a manifesta\u00e7\u00e3o de \u00f3rg\u00e3o pericial oficial (perito individual ou junta m\u00e9dica).<\/p>\n<p style=\"text-align: justify;\">Importante destacar que o interesse p\u00fablico tamb\u00e9m \u00e9 alcan\u00e7ado quando a estrutura administrativa oferece condi\u00e7\u00f5es efetivas para que se assegure a frui\u00e7\u00e3o de direitos dos administrados previstos em lei, vez que a dignidade da pessoa humana \u00e9 um dos fundamentos do Estado Brasileiro (artigo 1\u00ba, III, da CF\/88).<\/p>\n<p style=\"text-align: justify;\">O SINPROFAZ aproveita a oportunidade para manifestar solidariedade aos servidores p\u00fablicos federais vinculados \u00e0 estrutura administrativa do Minist\u00e9rio da Fazenda que est\u00e3o sendo prejudicados na atual situa\u00e7\u00e3o, bem como externar apoio e admira\u00e7\u00e3o aos servidores das SAMF\u2019s, que mesmo ante o presente quadro, t\u00eam buscado, dentro do poss\u00edvel, cumprir com as suas atribui\u00e7\u00f5es.<\/p>\n<p style=\"text-align: center;\">Bras\u00edlia, 04 de abril de 2015.<\/p>\n<p style=\"text-align: center;\"><b>DIRETORIA DO SINPROFAZ<\/b><\/p>\n","protected":false},"excerpt":{"rendered":"<p>Documento ressalta a inaceit\u00e1vel falta de profissionais m\u00e9dicos vinculados a servi\u00e7os m\u00e9dicos de diversas Superintend\u00eancias de Administra\u00e7\u00e3o do minist\u00e9rio (SAMF\u2019s), o que vem obstando a realiza\u00e7\u00e3o de per\u00edcias e juntas oficiais.<\/p>\n","protected":false},"author":1,"featured_media":2630,"comment_status":"closed","ping_status":"open","sticky":false,"template":"","format":"standard","meta":{"footnotes":""},"categories":[8],"tags":[],"featured_image_url":"https:\/\/sinprofaz.org.br\/2024\/wp-content\/uploads\/2016\/01\/logo-sinprofaz1.jpg","character_count":1143,"formatted_date":"04\/05\/2015 - 17:31","contentNovo":"<p>Documento ressalta a inaceit\u00e1vel falta de profissionais m\u00e9dicos vinculados a servi\u00e7os m\u00e9dicos de diversas Superintend\u00eancias de Administra\u00e7\u00e3o do minist\u00e9rio (SAMF\u2019s), o que vem obstando a realiza\u00e7\u00e3o de per\u00edcias e juntas oficiais.<\/p>\r\n<p>&nbsp;<\/p>\r\n<p>&nbsp;<\/p>\r\n<p style=\"clear: both; text-align: center;\">NOTA P\u00daBLICA DO SINPROFAZ<\/p>\r\n<p style=\"text-align: justify;\">O Sindicato Nacional dos Procuradores da Fazenda Nacional - SINPROFAZ vem a p\u00fablico denunciar a situa\u00e7\u00e3o de pen\u00faria do minist\u00e9rio da Fazenda que se demonstra na inaceit\u00e1vel falta de profissionais m\u00e9dicos vinculados a servi\u00e7os m\u00e9dicos de diversas Superintend\u00eancias de Administra\u00e7\u00e3o do minist\u00e9rio (SAMF\u2019s), o que vem obstando a realiza\u00e7\u00e3o de per\u00edcias e juntas oficiais. Tal fato vem prejudicando servidores p\u00fablicos federais no exerc\u00edcio de direitos assegurados na Constitui\u00e7\u00e3o e legisla\u00e7\u00e3o espec\u00edfica, a exemplo de remo\u00e7\u00e3o e licen\u00e7as por motivo de sa\u00fade.<\/p>\r\n<p style=\"text-align: justify;\">A exig\u00eancia legal de per\u00edcia m\u00e9dica \u2013 realizada por perito individual ou junta m\u00e9dica \u2013 tem por fito n\u00e3o s\u00f3 a prote\u00e7\u00e3o do interesse da Administra\u00e7\u00e3o, na busca pela verdade material (assumindo a natureza de \u00f3rg\u00e3o consultivo obrigat\u00f3rio \u2013 artigo 42 da Lei n\u00ba 9.784\/99), mas tamb\u00e9m objetiva amparar os leg\u00edtimos direitos dos servidores-administrados. Demais disso, as Autoridades Administrativas incorrem em conduta de legalidade question\u00e1vel, ao proferirem decis\u00f5es em processos administrativos em que, por expressa previs\u00e3o legal, deveria haver a manifesta\u00e7\u00e3o de \u00f3rg\u00e3o pericial oficial (perito individual ou junta m\u00e9dica).<\/p>\r\n<p style=\"text-align: justify;\">Importante destacar que o interesse p\u00fablico tamb\u00e9m \u00e9 alcan\u00e7ado quando a estrutura administrativa oferece condi\u00e7\u00f5es efetivas para que se assegure a frui\u00e7\u00e3o de direitos dos administrados previstos em lei, vez que a dignidade da pessoa humana \u00e9 um dos fundamentos do Estado Brasileiro (artigo 1\u00ba, III, da CF\/88).<\/p>\r\n<p style=\"text-align: justify;\">O SINPROFAZ aproveita a oportunidade para manifestar solidariedade aos servidores p\u00fablicos federais vinculados \u00e0 estrutura administrativa do Minist\u00e9rio da Fazenda que est\u00e3o sendo prejudicados na atual situa\u00e7\u00e3o, bem como externar apoio e admira\u00e7\u00e3o aos servidores das SAMF\u2019s, que mesmo ante o presente quadro, t\u00eam buscado, dentro do poss\u00edvel, cumprir com as suas atribui\u00e7\u00f5es.<\/p>\r\n<p style=\"text-align: center;\">Bras\u00edlia, 04 de abril de 2015.<\/p>\r\n<p style=\"text-align: center;\">DIRETORIA DO SINPROFAZ<\/p>","_links":{"self":[{"href":"https:\/\/sinprofaz.org.br\/2024\/wp-json\/wp\/v2\/posts\/2225"}],"collection":[{"href":"https:\/\/sinprofaz.org.br\/2024\/wp-json\/wp\/v2\/posts"}],"about":[{"href":"https:\/\/sinprofaz.org.br\/2024\/wp-json\/wp\/v2\/types\/post"}],"author":[{"embeddable":true,"href":"https:\/\/sinprofaz.org.br\/2024\/wp-json\/wp\/v2\/users\/1"}],"replies":[{"embeddable":true,"href":"https:\/\/sinprofaz.org.br\/2024\/wp-json\/wp\/v2\/comments?post=2225"}],"version-history":[{"count":1,"href":"https:\/\/sinprofaz.org.br\/2024\/wp-json\/wp\/v2\/posts\/2225\/revisions"}],"predecessor-version":[{"id":5597,"href":"https:\/\/sinprofaz.org.br\/2024\/wp-json\/wp\/v2\/posts\/2225\/revisions\/5597"}],"wp:featuredmedia":[{"embeddable":true,"href":"https:\/\/sinprofaz.org.br\/2024\/wp-json\/wp\/v2\/media\/2630"}],"wp:attachment":[{"href":"https:\/\/sinprofaz.org.br\/2024\/wp-json\/wp\/v2\/media?parent=2225"}],"wp:term":[{"taxonomy":"category","embeddable":true,"href":"https:\/\/sinprofaz.org.br\/2024\/wp-json\/wp\/v2\/categories?post=2225"},{"taxonomy":"post_tag","embeddable":true,"href":"https:\/\/sinprofaz.org.br\/2024\/wp-json\/wp\/v2\/tags?post=2225"}],"curies":[{"name":"wp","href":"https:\/\/api.w.org\/{rel}","templated":true}]}}