{"id":2220,"date":"2015-04-28T22:38:40","date_gmt":"2015-04-28T22:38:40","guid":{"rendered":""},"modified":"2016-08-02T13:12:52","modified_gmt":"2016-08-02T13:12:52","slug":"michel-temer-dialoga-com-representantes-da-advocacia-publica-federal","status":"publish","type":"post","link":"https:\/\/sinprofaz.org.br\/2024\/noticias\/michel-temer-dialoga-com-representantes-da-advocacia-publica-federal\/","title":{"rendered":"Michel Temer dialoga com representantes da Advocacia P\u00fablica Federal"},"content":{"rendered":"<p>O vice-presidente da Rep\u00fablica Michel Temer recebeu na tarde desta ter\u00e7a, 28\/04, o presidente do Forvm Nacional da Advocacia P\u00fablica Federal e do SINPROFAZ, Her\u00e1clio Camargo, o vice-presidente do FORVM e da ANPAF, Rog\u00e9rio Filomeno, bem como o Advogado-Geral da Uni\u00e3o, Lu\u00eds In\u00e1cio Lucena Adams, e a Procuradora-Geral da Fazenda Nacional, Adriana Queiroz de Carvalho.<\/p>\n<p>Na ocasi\u00e3o, Michel Temer, que tamb\u00e9m est\u00e1 cuidando da articula\u00e7\u00e3o pol\u00edtica do governo no Congresso Nacional, acolheu os pleitos das Carreiras e concordou com a argumenta\u00e7\u00e3o do presidente Her\u00e1clio Camargo, de que as demandas apresentadas pelos Advogados P\u00fablicos Federais s\u00e3o estruturais e n\u00e3o meramente conjunturais.<\/p>\n<p>O vice-presidente ainda orientou o Advogado-Geral da Uni\u00e3o que atue pessoalmente, buscando di\u00e1logo com os l\u00edderes partid\u00e1rios. Para Temer, \u00e9 necess\u00e1rio o engajamento da c\u00fapula da AGU no trabalho parlamentar em prol das PECs 443\/09 e 82\/07, a exemplo do que j\u00e1 vem sendo desempenhado diuturnamente pelos dirigentes sindicais e associativos da Advocacia P\u00fablica Federal.<\/p>\n<p><b>Fotos:<\/b><i> Paula Evelyn e Assessoria de Comunica\u00e7\u00e3o do vice-presidente Michel Temer.<\/i><\/p>\n\n\t\t<style type=\"text\/css\">\n\t\t\t#gallery-1 {\n\t\t\t\tmargin: auto;\n\t\t\t}\n\t\t\t#gallery-1 .gallery-item {\n\t\t\t\tfloat: left;\n\t\t\t\tmargin-top: 10px;\n\t\t\t\ttext-align: center;\n\t\t\t\twidth: 33%;\n\t\t\t}\n\t\t\t#gallery-1 img {\n\t\t\t\tborder: 2px solid #cfcfcf;\n\t\t\t}\n\t\t\t#gallery-1 .gallery-caption {\n\t\t\t\tmargin-left: 0;\n\t\t\t}\n\t\t\t\/* see gallery_shortcode() in wp-includes\/media.php *\/\n\t\t<\/style>\n\t\t<div id='gallery-1' class='gallery galleryid-2220 gallery-columns-3 gallery-size-thumbnail'><dl class='gallery-item'>\n\t\t\t<dt class='gallery-icon landscape'>\n\t\t\t\t<a href='https:\/\/sinprofaz.org.br\/2024\/wp-content\/uploads\/2015\/04\/022.jpg'><img loading=\"lazy\" decoding=\"async\" width=\"150\" height=\"150\" src=\"https:\/\/sinprofaz.org.br\/2024\/wp-content\/uploads\/2015\/04\/022-150x150.jpg\" class=\"attachment-thumbnail size-thumbnail\" alt=\"\" \/><\/a>\n\t\t\t<\/dt><\/dl>\n\t\t\t<br style='clear: both' \/>\n\t\t<\/div>\n\n","protected":false},"excerpt":{"rendered":"<p>Vice-presidente da Rep\u00fablica recebe o Forvm nacional da Advocacia P\u00fablica, AGU e PGFN para discutir as PECs 443\/09 e 82\/07.<\/p>\n","protected":false},"author":1,"featured_media":5615,"comment_status":"closed","ping_status":"open","sticky":false,"template":"","format":"standard","meta":{"footnotes":""},"categories":[8],"tags":[],"featured_image_url":"https:\/\/sinprofaz.org.br\/2024\/wp-content\/uploads\/2015\/04\/015-800x198.jpg","character_count":760,"formatted_date":"28\/04\/2015 - 22:38","contentNovo":"<p>O vice-presidente da Rep\u00fablica Michel Temer recebeu na tarde desta ter\u00e7a, 28\/04, o presidente do Forvm Nacional da Advocacia P\u00fablica Federal e do SINPROFAZ, Her\u00e1clio Camargo, o vice-presidente do FORVM e da ANPAF, Rog\u00e9rio Filomeno, bem como o Advogado-Geral da Uni\u00e3o, Lu\u00eds In\u00e1cio Lucena Adams, e a Procuradora-Geral da Fazenda Nacional, Adriana Queiroz de Carvalho.<\/p>\r\n<p>Na ocasi\u00e3o, Michel Temer, que tamb\u00e9m est\u00e1 cuidando da articula\u00e7\u00e3o pol\u00edtica do governo no Congresso Nacional, acolheu os pleitos das Carreiras e concordou com a argumenta\u00e7\u00e3o do presidente Her\u00e1clio Camargo, de que as demandas apresentadas pelos Advogados P\u00fablicos Federais s\u00e3o estruturais e n\u00e3o meramente conjunturais.<\/p>\r\n<p>O vice-presidente ainda orientou o Advogado-Geral da Uni\u00e3o que atue pessoalmente, buscando di\u00e1logo com os l\u00edderes partid\u00e1rios. Para Temer, \u00e9 necess\u00e1rio o engajamento da c\u00fapula da AGU no trabalho parlamentar em prol das PECs 443\/09 e 82\/07, a exemplo do que j\u00e1 vem sendo desempenhado diuturnamente pelos dirigentes sindicais e associativos da Advocacia P\u00fablica Federal.<\/p>\r\n<p>Fotos: Paula Evelyn e Assessoria de Comunica\u00e7\u00e3o do vice-presidente Michel Temer.<\/p>\r\n[gallery link=\"file\" ids=\"5616\"]","_links":{"self":[{"href":"https:\/\/sinprofaz.org.br\/2024\/wp-json\/wp\/v2\/posts\/2220"}],"collection":[{"href":"https:\/\/sinprofaz.org.br\/2024\/wp-json\/wp\/v2\/posts"}],"about":[{"href":"https:\/\/sinprofaz.org.br\/2024\/wp-json\/wp\/v2\/types\/post"}],"author":[{"embeddable":true,"href":"https:\/\/sinprofaz.org.br\/2024\/wp-json\/wp\/v2\/users\/1"}],"replies":[{"embeddable":true,"href":"https:\/\/sinprofaz.org.br\/2024\/wp-json\/wp\/v2\/comments?post=2220"}],"version-history":[{"count":2,"href":"https:\/\/sinprofaz.org.br\/2024\/wp-json\/wp\/v2\/posts\/2220\/revisions"}],"predecessor-version":[{"id":5617,"href":"https:\/\/sinprofaz.org.br\/2024\/wp-json\/wp\/v2\/posts\/2220\/revisions\/5617"}],"wp:featuredmedia":[{"embeddable":true,"href":"https:\/\/sinprofaz.org.br\/2024\/wp-json\/wp\/v2\/media\/5615"}],"wp:attachment":[{"href":"https:\/\/sinprofaz.org.br\/2024\/wp-json\/wp\/v2\/media?parent=2220"}],"wp:term":[{"taxonomy":"category","embeddable":true,"href":"https:\/\/sinprofaz.org.br\/2024\/wp-json\/wp\/v2\/categories?post=2220"},{"taxonomy":"post_tag","embeddable":true,"href":"https:\/\/sinprofaz.org.br\/2024\/wp-json\/wp\/v2\/tags?post=2220"}],"curies":[{"name":"wp","href":"https:\/\/api.w.org\/{rel}","templated":true}]}}