{"id":2206,"date":"2015-04-17T14:41:07","date_gmt":"2015-04-17T14:41:07","guid":{"rendered":""},"modified":"2016-08-08T16:12:12","modified_gmt":"2016-08-08T16:12:12","slug":"adi-sobre-a-defensoria-sinprofaz-requer-ingresso-como-amicus-curiae-em-favor-da-dpu","status":"publish","type":"post","link":"https:\/\/sinprofaz.org.br\/2024\/noticias\/adi-sobre-a-defensoria-sinprofaz-requer-ingresso-como-amicus-curiae-em-favor-da-dpu\/","title":{"rendered":"ADI sobre a Defensoria: SINPROFAZ requer ingresso como Amicus Curiae em favor da DPU"},"content":{"rendered":"<p>O SINPROFAZ pretende concorrer para combater a indevida tentativa de enfraquecimento das Fun\u00e7\u00f5es Esseciais \u00e0 Justi\u00e7a.<\/p>\n<p>Clique <a href=\"\/pdfs\/2015-04-15-peticao-amicus-curiae-vf-assinado.pdf\" target=\"_blank\">aqui<\/a> para ler a peti\u00e7\u00e3o.<\/p>\n","protected":false},"excerpt":{"rendered":"<p>O Sindicato Nacional dos Procuradores da Fazenda Nacional &#8211; SINPROFAZ requereu ingresso como Amicus Curiae em favor da Defensoria P\u00fablica da Uni\u00e3o (DPU) na A\u00e7\u00e3o Direta de Inconstitucionalidade proposta de forma atabalhoada pelo Advogado-Geral da Uni\u00e3o em desfavor da DPU.<\/p>\n","protected":false},"author":1,"featured_media":2630,"comment_status":"closed","ping_status":"open","sticky":false,"template":"","format":"standard","meta":{"footnotes":""},"categories":[8],"tags":[],"featured_image_url":"https:\/\/sinprofaz.org.br\/2024\/wp-content\/uploads\/2016\/01\/logo-sinprofaz1.jpg","character_count":78,"formatted_date":"17\/04\/2015 - 14:41","contentNovo":"<p>O SINPROFAZ pretende concorrer para combater a indevida tentativa de enfraquecimento das Fun\u00e7\u00f5es Esseciais \u00e0 Justi\u00e7a.<\/p>\r\n<p>Clique <a href=\"\/pdfs\/2015-04-15-peticao-amicus-curiae-vf-assinado.pdf\" target=\"_blank\">aqui<\/a> para ler a peti\u00e7\u00e3o.<\/p>","_links":{"self":[{"href":"https:\/\/sinprofaz.org.br\/2024\/wp-json\/wp\/v2\/posts\/2206"}],"collection":[{"href":"https:\/\/sinprofaz.org.br\/2024\/wp-json\/wp\/v2\/posts"}],"about":[{"href":"https:\/\/sinprofaz.org.br\/2024\/wp-json\/wp\/v2\/types\/post"}],"author":[{"embeddable":true,"href":"https:\/\/sinprofaz.org.br\/2024\/wp-json\/wp\/v2\/users\/1"}],"replies":[{"embeddable":true,"href":"https:\/\/sinprofaz.org.br\/2024\/wp-json\/wp\/v2\/comments?post=2206"}],"version-history":[{"count":1,"href":"https:\/\/sinprofaz.org.br\/2024\/wp-json\/wp\/v2\/posts\/2206\/revisions"}],"predecessor-version":[{"id":5646,"href":"https:\/\/sinprofaz.org.br\/2024\/wp-json\/wp\/v2\/posts\/2206\/revisions\/5646"}],"wp:featuredmedia":[{"embeddable":true,"href":"https:\/\/sinprofaz.org.br\/2024\/wp-json\/wp\/v2\/media\/2630"}],"wp:attachment":[{"href":"https:\/\/sinprofaz.org.br\/2024\/wp-json\/wp\/v2\/media?parent=2206"}],"wp:term":[{"taxonomy":"category","embeddable":true,"href":"https:\/\/sinprofaz.org.br\/2024\/wp-json\/wp\/v2\/categories?post=2206"},{"taxonomy":"post_tag","embeddable":true,"href":"https:\/\/sinprofaz.org.br\/2024\/wp-json\/wp\/v2\/tags?post=2206"}],"curies":[{"name":"wp","href":"https:\/\/api.w.org\/{rel}","templated":true}]}}