{"id":2203,"date":"2015-04-16T17:27:57","date_gmt":"2015-04-16T17:27:57","guid":{"rendered":""},"modified":"2016-08-11T12:17:59","modified_gmt":"2016-08-11T12:17:59","slug":"deputado-chico-alencar-apoia-pleitos-da-advocacia-publica-federal","status":"publish","type":"post","link":"https:\/\/sinprofaz.org.br\/2024\/noticias\/deputado-chico-alencar-apoia-pleitos-da-advocacia-publica-federal\/","title":{"rendered":"Deputado Chico Alencar apoia pleitos da Advocacia P\u00fablica Federal"},"content":{"rendered":"<p>L\u00edder do PSOL, deputado Chico Alencar (RJ) declarou apoio incondicional \u00e0s propostas de Emenda \u00e0 Constitui\u00e7\u00e3o que asseguram autonomia \u00e0 Advocacia P\u00fablica e paridade remunerat\u00f3ria entre as Fun\u00e7\u00f5es Essenciais \u00e0 Justi\u00e7a.<\/p>\n<p>O deputado Chico Alencar recebeu representantes da Advocacia P\u00fablica Federal nesta quarta-feira, 15\/04.<\/p>\n<p>O SINPROFAZ estava representado na audi\u00eancia pelo presidente Her\u00e1clio Camargo, pelo delegado sindical em S\u00e3o Paulo, Marcos Lisandro, pelo delegado sindical no Rio de Janeiro, S\u00e9rgio Carneiro, e pelos Colegas PFNs Marcio Senra e T\u00e9bio Freitas.<\/p>\n","protected":false},"excerpt":{"rendered":"<p>L\u00edder do PSOL, deputado Chico Alencar (RJ) declarou apoio incondicional \u00e0s propostas de Emenda \u00e0 Constitui\u00e7\u00e3o que asseguram autonomia \u00e0 Advocacia P\u00fablica e paridade remunerat\u00f3ria entre as Fun\u00e7\u00f5es Essenciais \u00e0 Justi\u00e7a.<\/p>\n","protected":false},"author":1,"featured_media":5673,"comment_status":"closed","ping_status":"open","sticky":false,"template":"","format":"standard","meta":{"footnotes":""},"categories":[8],"tags":[],"featured_image_url":"https:\/\/sinprofaz.org.br\/2024\/wp-content\/uploads\/2015\/04\/0116-800x198.jpg","character_count":292,"formatted_date":"16\/04\/2015 - 17:27","contentNovo":"<p>L\u00edder do PSOL, deputado Chico Alencar (RJ) declarou apoio incondicional \u00e0s propostas de Emenda \u00e0 Constitui\u00e7\u00e3o que asseguram autonomia \u00e0 Advocacia P\u00fablica e paridade remunerat\u00f3ria entre as Fun\u00e7\u00f5es Essenciais \u00e0 Justi\u00e7a.<\/p>\r\n<p>O deputado Chico Alencar recebeu representantes da Advocacia P\u00fablica Federal nesta quarta-feira, 15\/04.<\/p>\r\n<p>O SINPROFAZ estava representado na audi\u00eancia pelo presidente Her\u00e1clio Camargo, pelo delegado sindical em S\u00e3o Paulo, Marcos Lisandro, pelo delegado sindical no Rio de Janeiro, S\u00e9rgio Carneiro, e pelos Colegas PFNs Marcio Senra e T\u00e9bio Freitas.<\/p>","_links":{"self":[{"href":"https:\/\/sinprofaz.org.br\/2024\/wp-json\/wp\/v2\/posts\/2203"}],"collection":[{"href":"https:\/\/sinprofaz.org.br\/2024\/wp-json\/wp\/v2\/posts"}],"about":[{"href":"https:\/\/sinprofaz.org.br\/2024\/wp-json\/wp\/v2\/types\/post"}],"author":[{"embeddable":true,"href":"https:\/\/sinprofaz.org.br\/2024\/wp-json\/wp\/v2\/users\/1"}],"replies":[{"embeddable":true,"href":"https:\/\/sinprofaz.org.br\/2024\/wp-json\/wp\/v2\/comments?post=2203"}],"version-history":[{"count":2,"href":"https:\/\/sinprofaz.org.br\/2024\/wp-json\/wp\/v2\/posts\/2203\/revisions"}],"predecessor-version":[{"id":5674,"href":"https:\/\/sinprofaz.org.br\/2024\/wp-json\/wp\/v2\/posts\/2203\/revisions\/5674"}],"wp:featuredmedia":[{"embeddable":true,"href":"https:\/\/sinprofaz.org.br\/2024\/wp-json\/wp\/v2\/media\/5673"}],"wp:attachment":[{"href":"https:\/\/sinprofaz.org.br\/2024\/wp-json\/wp\/v2\/media?parent=2203"}],"wp:term":[{"taxonomy":"category","embeddable":true,"href":"https:\/\/sinprofaz.org.br\/2024\/wp-json\/wp\/v2\/categories?post=2203"},{"taxonomy":"post_tag","embeddable":true,"href":"https:\/\/sinprofaz.org.br\/2024\/wp-json\/wp\/v2\/tags?post=2203"}],"curies":[{"name":"wp","href":"https:\/\/api.w.org\/{rel}","templated":true}]}}