{"id":2201,"date":"2015-04-15T21:50:49","date_gmt":"2015-04-15T21:50:49","guid":{"rendered":""},"modified":"2016-08-11T12:21:11","modified_gmt":"2016-08-11T12:21:11","slug":"advogado-geral-da-uniao-nao-recebe-dirigentes-das-entidades-da-apf","status":"publish","type":"post","link":"https:\/\/sinprofaz.org.br\/2024\/noticias\/advogado-geral-da-uniao-nao-recebe-dirigentes-das-entidades-da-apf\/","title":{"rendered":"Advogado-Geral da Uni\u00e3o n\u00e3o recebe dirigentes das entidades da APF"},"content":{"rendered":"<p>AGU marca reuni\u00e3o, remarca o hor\u00e1rio e n\u00e3o recebe entidades da Advocacia P\u00fablica Federal.<\/p>\n<p>Estavam presentes representantes do SINPROFAZ, UNAFE, ANAUNI, ANAJUR, ANPPREV, ANPAF e APBC.<\/p>\n","protected":false},"excerpt":{"rendered":"<p>AGU marca reuni\u00e3o, remarca o hor\u00e1rio e n\u00e3o recebe entidades da Advocacia P\u00fablica Federal.<\/p>\n","protected":false},"author":1,"featured_media":5678,"comment_status":"closed","ping_status":"open","sticky":false,"template":"","format":"standard","meta":{"footnotes":""},"categories":[8],"tags":[],"featured_image_url":"https:\/\/sinprofaz.org.br\/2024\/wp-content\/uploads\/2015\/04\/0118-800x198.jpg","character_count":94,"formatted_date":"15\/04\/2015 - 21:50","contentNovo":"<p>AGU marca reuni\u00e3o, remarca o hor\u00e1rio e n\u00e3o recebe entidades da Advocacia P\u00fablica Federal.<\/p>\r\n<p>Estavam presentes representantes do SINPROFAZ, UNAFE, ANAUNI, ANAJUR, ANPPREV, ANPAF e APBC.<\/p>","_links":{"self":[{"href":"https:\/\/sinprofaz.org.br\/2024\/wp-json\/wp\/v2\/posts\/2201"}],"collection":[{"href":"https:\/\/sinprofaz.org.br\/2024\/wp-json\/wp\/v2\/posts"}],"about":[{"href":"https:\/\/sinprofaz.org.br\/2024\/wp-json\/wp\/v2\/types\/post"}],"author":[{"embeddable":true,"href":"https:\/\/sinprofaz.org.br\/2024\/wp-json\/wp\/v2\/users\/1"}],"replies":[{"embeddable":true,"href":"https:\/\/sinprofaz.org.br\/2024\/wp-json\/wp\/v2\/comments?post=2201"}],"version-history":[{"count":1,"href":"https:\/\/sinprofaz.org.br\/2024\/wp-json\/wp\/v2\/posts\/2201\/revisions"}],"predecessor-version":[{"id":5679,"href":"https:\/\/sinprofaz.org.br\/2024\/wp-json\/wp\/v2\/posts\/2201\/revisions\/5679"}],"wp:featuredmedia":[{"embeddable":true,"href":"https:\/\/sinprofaz.org.br\/2024\/wp-json\/wp\/v2\/media\/5678"}],"wp:attachment":[{"href":"https:\/\/sinprofaz.org.br\/2024\/wp-json\/wp\/v2\/media?parent=2201"}],"wp:term":[{"taxonomy":"category","embeddable":true,"href":"https:\/\/sinprofaz.org.br\/2024\/wp-json\/wp\/v2\/categories?post=2201"},{"taxonomy":"post_tag","embeddable":true,"href":"https:\/\/sinprofaz.org.br\/2024\/wp-json\/wp\/v2\/tags?post=2201"}],"curies":[{"name":"wp","href":"https:\/\/api.w.org\/{rel}","templated":true}]}}