{"id":2200,"date":"2015-04-15T21:08:58","date_gmt":"2015-04-15T21:08:58","guid":{"rendered":""},"modified":"2016-08-11T12:29:33","modified_gmt":"2016-08-11T12:29:33","slug":"sinprofaz-formaliza-entrega-de-declaracoes-de-recusa-de-diarias","status":"publish","type":"post","link":"https:\/\/sinprofaz.org.br\/2024\/noticias\/sinprofaz-formaliza-entrega-de-declaracoes-de-recusa-de-diarias\/","title":{"rendered":"SINPROFAZ formaliza entrega de declara\u00e7\u00f5es de recusa de di\u00e1rias"},"content":{"rendered":"<p>Carreira demonstra engajamento na campanha deflagrada h\u00e1 um m\u00eas pelo Sindicato. Hoje, 15\/04, o presidente Her\u00e1clio Camargo e o delegado sindical em S\u00e3o Paulo, Marcos Lisandro, protocolizaram na PGFN e na AGU mais de 1000 declara\u00e7\u00f5es de recusa de di\u00e1rias.<\/p>\n<p>As 1.109 declara\u00e7\u00f5es de Procuradores da Fazenda Nacional, lotados em unidades da PGFN Brasil afora, representam mais da metade do quadro atual da Carreira.<\/p>\n<p>A iniciativa \u00e9 uma sinaliza\u00e7\u00e3o inequ\u00edvoca do rep\u00fadio da Carreira ao sucateamento da PGFN e da AGU. Com as declara\u00e7\u00f5es, os Procuradores da Fazenda Nacional dizem BASTA \u00e0 falta de estrutura e de carreira de apoio, entre outros problemas enfrentados cotidianamente.<\/p>\n<p>Para a diretoria do SINPROFAZ, essa campanha \u00e9 um importante instrumento de negocia\u00e7\u00e3o com o governo.<\/p>\n<p>Na campanha, o Sindicato tamb\u00e9m est\u00e1 coletando declara\u00e7\u00f5es de entrega de cargos em comiss\u00e3o ou fun\u00e7\u00f5es de confian\u00e7a, e de compromisso de n\u00e3o assumir cargos de chefia na AGU, iniciativa que j\u00e1 conta com grande ades\u00e3o da Carreira.<\/p>\n\n\t\t<style type=\"text\/css\">\n\t\t\t#gallery-1 {\n\t\t\t\tmargin: auto;\n\t\t\t}\n\t\t\t#gallery-1 .gallery-item {\n\t\t\t\tfloat: left;\n\t\t\t\tmargin-top: 10px;\n\t\t\t\ttext-align: center;\n\t\t\t\twidth: 33%;\n\t\t\t}\n\t\t\t#gallery-1 img {\n\t\t\t\tborder: 2px solid #cfcfcf;\n\t\t\t}\n\t\t\t#gallery-1 .gallery-caption {\n\t\t\t\tmargin-left: 0;\n\t\t\t}\n\t\t\t\/* see gallery_shortcode() in wp-includes\/media.php *\/\n\t\t<\/style>\n\t\t<div id='gallery-1' class='gallery galleryid-2200 gallery-columns-3 gallery-size-thumbnail'><dl class='gallery-item'>\n\t\t\t<dt class='gallery-icon portrait'>\n\t\t\t\t<a href='https:\/\/sinprofaz.org.br\/2024\/wp-content\/uploads\/2015\/04\/023.jpg'><img loading=\"lazy\" decoding=\"async\" width=\"150\" height=\"150\" src=\"https:\/\/sinprofaz.org.br\/2024\/wp-content\/uploads\/2015\/04\/023-150x150.jpg\" class=\"attachment-thumbnail size-thumbnail\" alt=\"\" \/><\/a>\n\t\t\t<\/dt><\/dl><dl class='gallery-item'>\n\t\t\t<dt class='gallery-icon portrait'>\n\t\t\t\t<a href='https:\/\/sinprofaz.org.br\/2024\/wp-content\/uploads\/2015\/04\/031.jpg'><img loading=\"lazy\" decoding=\"async\" width=\"150\" height=\"150\" src=\"https:\/\/sinprofaz.org.br\/2024\/wp-content\/uploads\/2015\/04\/031-150x150.jpg\" class=\"attachment-thumbnail size-thumbnail\" alt=\"\" \/><\/a>\n\t\t\t<\/dt><\/dl><dl class='gallery-item'>\n\t\t\t<dt class='gallery-icon portrait'>\n\t\t\t\t<a href='https:\/\/sinprofaz.org.br\/2024\/wp-content\/uploads\/2015\/04\/041.jpg'><img loading=\"lazy\" decoding=\"async\" width=\"150\" height=\"150\" src=\"https:\/\/sinprofaz.org.br\/2024\/wp-content\/uploads\/2015\/04\/041-150x150.jpg\" class=\"attachment-thumbnail size-thumbnail\" alt=\"\" \/><\/a>\n\t\t\t<\/dt><\/dl><br style=\"clear: both\" \/><dl class='gallery-item'>\n\t\t\t<dt class='gallery-icon portrait'>\n\t\t\t\t<a href='https:\/\/sinprofaz.org.br\/2024\/wp-content\/uploads\/2015\/04\/07.jpg'><img loading=\"lazy\" decoding=\"async\" width=\"150\" height=\"150\" src=\"https:\/\/sinprofaz.org.br\/2024\/wp-content\/uploads\/2015\/04\/07-150x150.jpg\" class=\"attachment-thumbnail size-thumbnail\" alt=\"\" \/><\/a>\n\t\t\t<\/dt><\/dl><dl class='gallery-item'>\n\t\t\t<dt class='gallery-icon portrait'>\n\t\t\t\t<a href='https:\/\/sinprofaz.org.br\/2024\/wp-content\/uploads\/2015\/04\/05.jpg'><img loading=\"lazy\" decoding=\"async\" width=\"150\" height=\"150\" src=\"https:\/\/sinprofaz.org.br\/2024\/wp-content\/uploads\/2015\/04\/05-150x150.jpg\" class=\"attachment-thumbnail size-thumbnail\" alt=\"\" \/><\/a>\n\t\t\t<\/dt><\/dl><dl class='gallery-item'>\n\t\t\t<dt class='gallery-icon landscape'>\n\t\t\t\t<a href='https:\/\/sinprofaz.org.br\/2024\/wp-content\/uploads\/2015\/04\/06.jpg'><img loading=\"lazy\" decoding=\"async\" width=\"150\" height=\"150\" src=\"https:\/\/sinprofaz.org.br\/2024\/wp-content\/uploads\/2015\/04\/06-150x150.jpg\" class=\"attachment-thumbnail size-thumbnail\" alt=\"\" \/><\/a>\n\t\t\t<\/dt><\/dl><br style=\"clear: both\" \/>\n\t\t<\/div>\n\n","protected":false},"excerpt":{"rendered":"<p>Carreira demonstra engajamento na campanha deflagrada h\u00e1 um m\u00eas pelo Sindicato. Hoje, 15\/04, o presidente Her\u00e1clio Camargo e o delegado sindical em S\u00e3o Paulo, Marcos Lisandro, protocolizaram na PGFN e na AGU mais de 1000 declara\u00e7\u00f5es de recusa de di\u00e1rias.<\/p>\n","protected":false},"author":1,"featured_media":5681,"comment_status":"closed","ping_status":"open","sticky":false,"template":"","format":"standard","meta":{"footnotes":""},"categories":[8],"tags":[],"featured_image_url":"https:\/\/sinprofaz.org.br\/2024\/wp-content\/uploads\/2015\/04\/0119-800x198.jpg","character_count":727,"formatted_date":"15\/04\/2015 - 21:08","contentNovo":"<p>Carreira demonstra engajamento na campanha deflagrada h\u00e1 um m\u00eas pelo Sindicato. Hoje, 15\/04, o presidente Her\u00e1clio Camargo e o delegado sindical em S\u00e3o Paulo, Marcos Lisandro, protocolizaram na PGFN e na AGU mais de 1000 declara\u00e7\u00f5es de recusa de di\u00e1rias.<\/p>\r\n<p>As 1.109 declara\u00e7\u00f5es de Procuradores da Fazenda Nacional, lotados em unidades da PGFN Brasil afora, representam mais da metade do quadro atual da Carreira.<\/p>\r\n<p>A iniciativa \u00e9 uma sinaliza\u00e7\u00e3o inequ\u00edvoca do rep\u00fadio da Carreira ao sucateamento da PGFN e da AGU. Com as declara\u00e7\u00f5es, os Procuradores da Fazenda Nacional dizem BASTA \u00e0 falta de estrutura e de carreira de apoio, entre outros problemas enfrentados cotidianamente.<\/p>\r\n<p>Para a diretoria do SINPROFAZ, essa campanha \u00e9 um importante instrumento de negocia\u00e7\u00e3o com o governo.<\/p>\r\n<p>Na campanha, o Sindicato tamb\u00e9m est\u00e1 coletando declara\u00e7\u00f5es de entrega de cargos em comiss\u00e3o ou fun\u00e7\u00f5es de confian\u00e7a, e de compromisso de n\u00e3o assumir cargos de chefia na AGU, iniciativa que j\u00e1 conta com grande ades\u00e3o da Carreira.<\/p>[gallery link=\"file\" ids=\"5682,5683,5684,5687,5685,5686\"]\r\n","_links":{"self":[{"href":"https:\/\/sinprofaz.org.br\/2024\/wp-json\/wp\/v2\/posts\/2200"}],"collection":[{"href":"https:\/\/sinprofaz.org.br\/2024\/wp-json\/wp\/v2\/posts"}],"about":[{"href":"https:\/\/sinprofaz.org.br\/2024\/wp-json\/wp\/v2\/types\/post"}],"author":[{"embeddable":true,"href":"https:\/\/sinprofaz.org.br\/2024\/wp-json\/wp\/v2\/users\/1"}],"replies":[{"embeddable":true,"href":"https:\/\/sinprofaz.org.br\/2024\/wp-json\/wp\/v2\/comments?post=2200"}],"version-history":[{"count":2,"href":"https:\/\/sinprofaz.org.br\/2024\/wp-json\/wp\/v2\/posts\/2200\/revisions"}],"predecessor-version":[{"id":5688,"href":"https:\/\/sinprofaz.org.br\/2024\/wp-json\/wp\/v2\/posts\/2200\/revisions\/5688"}],"wp:featuredmedia":[{"embeddable":true,"href":"https:\/\/sinprofaz.org.br\/2024\/wp-json\/wp\/v2\/media\/5681"}],"wp:attachment":[{"href":"https:\/\/sinprofaz.org.br\/2024\/wp-json\/wp\/v2\/media?parent=2200"}],"wp:term":[{"taxonomy":"category","embeddable":true,"href":"https:\/\/sinprofaz.org.br\/2024\/wp-json\/wp\/v2\/categories?post=2200"},{"taxonomy":"post_tag","embeddable":true,"href":"https:\/\/sinprofaz.org.br\/2024\/wp-json\/wp\/v2\/tags?post=2200"}],"curies":[{"name":"wp","href":"https:\/\/api.w.org\/{rel}","templated":true}]}}