{"id":2193,"date":"2015-04-14T12:57:30","date_gmt":"2015-04-14T12:57:30","guid":{"rendered":""},"modified":"2016-12-06T17:35:18","modified_gmt":"2016-12-06T17:35:18","slug":"deputado-vicente-candido-apoia-pleitos-da-advocacia-publica-federal","status":"publish","type":"post","link":"https:\/\/sinprofaz.org.br\/2024\/noticias\/deputado-vicente-candido-apoia-pleitos-da-advocacia-publica-federal\/","title":{"rendered":"Deputado Vicente C\u00e2ndido apoia pleitos da Advocacia P\u00fablica Federal"},"content":{"rendered":"<p>Durante encontro com colegas PFNs de S\u00e3o Paulo e outros Advogados P\u00fablicos Federais, o deputado Vicente C\u00e2ndido (PT\/SP) confirmou seu apoio \u00e0s causas das Carreiras da AGU.<\/p>\n<p>O deputado recebeu delega\u00e7\u00e3o de membros da Advocacia P\u00fablica Federal e reiterou seu compromisso com as pautas priorit\u00e1rias das Carreiras, especialmente com a PEC 443\/2009, que assegura paridade remunerat\u00f3ria entre as Fun\u00e7\u00f5es Essenciais \u00e0 Justi\u00e7a.<\/p>\n<p>O SINPROFAZ ressalta o empenho de todos os colegas, engajados na luta por uma Advocacia P\u00fablica valorizada e devidamente estruturada.<\/p>\n","protected":false},"excerpt":{"rendered":"<p>Durante encontro com colegas PFNs de S\u00e3o Paulo e outros Advogados P\u00fablicos Federais, o deputado Vicente C\u00e2ndido (PT\/SP) confirmou seu apoio \u00e0s causas das Carreiras da AGU.<\/p>\n","protected":false},"author":1,"featured_media":6246,"comment_status":"closed","ping_status":"open","sticky":false,"template":"","format":"standard","meta":{"footnotes":""},"categories":[8],"tags":[],"featured_image_url":"https:\/\/sinprofaz.org.br\/2024\/wp-content\/uploads\/2015\/04\/0127-940x198.jpg","character_count":284,"formatted_date":"14\/04\/2015 - 12:57","contentNovo":"<p>Durante encontro com colegas PFNs de S\u00e3o Paulo e outros Advogados P\u00fablicos Federais, o deputado Vicente C\u00e2ndido (PT\/SP) confirmou seu apoio \u00e0s causas das Carreiras da AGU.<\/p>\r\n<p>O deputado recebeu delega\u00e7\u00e3o de membros da Advocacia P\u00fablica Federal e reiterou seu compromisso com as pautas priorit\u00e1rias das Carreiras, especialmente com a PEC 443\/2009, que assegura paridade remunerat\u00f3ria entre as Fun\u00e7\u00f5es Essenciais \u00e0 Justi\u00e7a.<\/p>\r\n<p>O SINPROFAZ ressalta o empenho de todos os colegas, engajados na luta por uma Advocacia P\u00fablica valorizada e devidamente estruturada.<\/p>","_links":{"self":[{"href":"https:\/\/sinprofaz.org.br\/2024\/wp-json\/wp\/v2\/posts\/2193"}],"collection":[{"href":"https:\/\/sinprofaz.org.br\/2024\/wp-json\/wp\/v2\/posts"}],"about":[{"href":"https:\/\/sinprofaz.org.br\/2024\/wp-json\/wp\/v2\/types\/post"}],"author":[{"embeddable":true,"href":"https:\/\/sinprofaz.org.br\/2024\/wp-json\/wp\/v2\/users\/1"}],"replies":[{"embeddable":true,"href":"https:\/\/sinprofaz.org.br\/2024\/wp-json\/wp\/v2\/comments?post=2193"}],"version-history":[{"count":1,"href":"https:\/\/sinprofaz.org.br\/2024\/wp-json\/wp\/v2\/posts\/2193\/revisions"}],"predecessor-version":[{"id":6247,"href":"https:\/\/sinprofaz.org.br\/2024\/wp-json\/wp\/v2\/posts\/2193\/revisions\/6247"}],"wp:featuredmedia":[{"embeddable":true,"href":"https:\/\/sinprofaz.org.br\/2024\/wp-json\/wp\/v2\/media\/6246"}],"wp:attachment":[{"href":"https:\/\/sinprofaz.org.br\/2024\/wp-json\/wp\/v2\/media?parent=2193"}],"wp:term":[{"taxonomy":"category","embeddable":true,"href":"https:\/\/sinprofaz.org.br\/2024\/wp-json\/wp\/v2\/categories?post=2193"},{"taxonomy":"post_tag","embeddable":true,"href":"https:\/\/sinprofaz.org.br\/2024\/wp-json\/wp\/v2\/tags?post=2193"}],"curies":[{"name":"wp","href":"https:\/\/api.w.org\/{rel}","templated":true}]}}