{"id":2191,"date":"2015-04-13T16:00:31","date_gmt":"2015-04-13T16:00:31","guid":{"rendered":""},"modified":"2016-12-06T17:48:56","modified_gmt":"2016-12-06T17:48:56","slug":"sinprofaz-atua-no-rio-grande-do-sul-em-prol-dos-pleitos-da-advocacia-publica","status":"publish","type":"post","link":"https:\/\/sinprofaz.org.br\/2024\/noticias\/sinprofaz-atua-no-rio-grande-do-sul-em-prol-dos-pleitos-da-advocacia-publica\/","title":{"rendered":"SINPROFAZ atua no Rio Grande do Sul em prol dos pleitos da Advocacia P\u00fablica"},"content":{"rendered":"<p>O SINPROFAZ, representado pela Delegada Sindical Iolanda Guindani, e demais Colegas da Advocacia P\u00fablica Federal reuniram-se com o Deputado Heitor Schuch (PSB\/RS).<\/p>\n<p>O encontro ocorreu na \u00faltima sexta-feira, 10\/04, em Santa Cruz do Sul\/RS. Ap\u00f3s exposi\u00e7\u00e3o sobre os campos de atua\u00e7\u00e3o da AGU, foram demonstradas as prec\u00e1rias instala\u00e7\u00f5es f\u00edsicas e a aus\u00eancia de quadro de apoio.<\/p>\n<p>Na reuni\u00e3o, foi revelada ainda a preocupa\u00e7\u00e3o com a evas\u00e3o da Carreira com dados concretos, inclusive foram informados os nomes de Advogados P\u00fablicos Federais da regi\u00e3o que migraram para a magistratura ap\u00f3s muitos anos na Advocacia-Geral da Uni\u00e3o.<\/p>\n<p>Ao final, o Deputado manifestou seu apoio \u00e0s PECs 82\/2007 e 443\/2009.<\/p>\n","protected":false},"excerpt":{"rendered":"<p>O SINPROFAZ, representado pela Delegada Sindical Iolanda Guindani, e demais Colegas da Advocacia P\u00fablica Federal reuniram-se com o Deputado Heitor Schuch (PSB\/RS).<\/p>\n","protected":false},"author":1,"featured_media":6252,"comment_status":"closed","ping_status":"open","sticky":false,"template":"","format":"standard","meta":{"footnotes":""},"categories":[8],"tags":[],"featured_image_url":"https:\/\/sinprofaz.org.br\/2024\/wp-content\/uploads\/2015\/04\/0129-800x198.jpg","character_count":356,"formatted_date":"13\/04\/2015 - 16:00","contentNovo":"<p>O SINPROFAZ, representado pela Delegada Sindical Iolanda Guindani, e demais Colegas da Advocacia P\u00fablica Federal reuniram-se com o Deputado Heitor Schuch (PSB\/RS).<\/p>\r\n<p>O encontro ocorreu na \u00faltima sexta-feira, 10\/04, em Santa Cruz do Sul\/RS. Ap\u00f3s exposi\u00e7\u00e3o sobre os campos de atua\u00e7\u00e3o da AGU, foram demonstradas as prec\u00e1rias instala\u00e7\u00f5es f\u00edsicas e a aus\u00eancia de quadro de apoio.<\/p>\r\n<p>Na reuni\u00e3o, foi revelada ainda a preocupa\u00e7\u00e3o com a evas\u00e3o da Carreira com dados concretos, inclusive foram informados os nomes de Advogados P\u00fablicos Federais da regi\u00e3o que migraram para a magistratura ap\u00f3s muitos anos na Advocacia-Geral da Uni\u00e3o.<\/p>\r\n<p>Ao final, o Deputado manifestou seu apoio \u00e0s PECs 82\/2007 e 443\/2009.<\/p>","_links":{"self":[{"href":"https:\/\/sinprofaz.org.br\/2024\/wp-json\/wp\/v2\/posts\/2191"}],"collection":[{"href":"https:\/\/sinprofaz.org.br\/2024\/wp-json\/wp\/v2\/posts"}],"about":[{"href":"https:\/\/sinprofaz.org.br\/2024\/wp-json\/wp\/v2\/types\/post"}],"author":[{"embeddable":true,"href":"https:\/\/sinprofaz.org.br\/2024\/wp-json\/wp\/v2\/users\/1"}],"replies":[{"embeddable":true,"href":"https:\/\/sinprofaz.org.br\/2024\/wp-json\/wp\/v2\/comments?post=2191"}],"version-history":[{"count":2,"href":"https:\/\/sinprofaz.org.br\/2024\/wp-json\/wp\/v2\/posts\/2191\/revisions"}],"predecessor-version":[{"id":6253,"href":"https:\/\/sinprofaz.org.br\/2024\/wp-json\/wp\/v2\/posts\/2191\/revisions\/6253"}],"wp:featuredmedia":[{"embeddable":true,"href":"https:\/\/sinprofaz.org.br\/2024\/wp-json\/wp\/v2\/media\/6252"}],"wp:attachment":[{"href":"https:\/\/sinprofaz.org.br\/2024\/wp-json\/wp\/v2\/media?parent=2191"}],"wp:term":[{"taxonomy":"category","embeddable":true,"href":"https:\/\/sinprofaz.org.br\/2024\/wp-json\/wp\/v2\/categories?post=2191"},{"taxonomy":"post_tag","embeddable":true,"href":"https:\/\/sinprofaz.org.br\/2024\/wp-json\/wp\/v2\/tags?post=2191"}],"curies":[{"name":"wp","href":"https:\/\/api.w.org\/{rel}","templated":true}]}}