{"id":2190,"date":"2015-04-13T12:02:32","date_gmt":"2015-04-13T12:02:32","guid":{"rendered":""},"modified":"2016-12-06T18:44:44","modified_gmt":"2016-12-06T18:44:44","slug":"estadao-sinprofaz-denuncia-derrama-seletiva","status":"publish","type":"post","link":"https:\/\/sinprofaz.org.br\/2024\/noticias\/estadao-sinprofaz-denuncia-derrama-seletiva\/","title":{"rendered":"ESTAD\u00c3O: SINPROFAZ denuncia Derrama Seletiva"},"content":{"rendered":"<p>Na reportagem, o presidente do Sindicato falou sobre a rela\u00e7\u00e3o entre sonega\u00e7\u00e3o e corrup\u00e7\u00e3o e pugnou pela simplifica\u00e7\u00e3o do sistema tribut\u00e1rio e pela participa\u00e7\u00e3o mais ativa da cidadania nessa quest\u00e3o.<\/p>\n<p><a href=\"http:\/\/alias.estadao.com.br\/noticias\/geral,quem-tem-medo-de-imposto,1667700\" target=\"_blank\">Leia a \u00edntegra aqui<\/a>.<\/p>\n\n\t\t<style type=\"text\/css\">\n\t\t\t#gallery-1 {\n\t\t\t\tmargin: auto;\n\t\t\t}\n\t\t\t#gallery-1 .gallery-item {\n\t\t\t\tfloat: left;\n\t\t\t\tmargin-top: 10px;\n\t\t\t\ttext-align: center;\n\t\t\t\twidth: 33%;\n\t\t\t}\n\t\t\t#gallery-1 img {\n\t\t\t\tborder: 2px solid #cfcfcf;\n\t\t\t}\n\t\t\t#gallery-1 .gallery-caption {\n\t\t\t\tmargin-left: 0;\n\t\t\t}\n\t\t\t\/* see gallery_shortcode() in wp-includes\/media.php *\/\n\t\t<\/style>\n\t\t<div id='gallery-1' class='gallery galleryid-2190 gallery-columns-3 gallery-size-thumbnail'><dl class='gallery-item'>\n\t\t\t<dt class='gallery-icon portrait'>\n\t\t\t\t<a href='https:\/\/sinprofaz.org.br\/2024\/wp-content\/uploads\/2015\/04\/026.jpg'><img loading=\"lazy\" decoding=\"async\" width=\"150\" height=\"150\" src=\"https:\/\/sinprofaz.org.br\/2024\/wp-content\/uploads\/2015\/04\/026-150x150.jpg\" class=\"attachment-thumbnail size-thumbnail\" alt=\"\" \/><\/a>\n\t\t\t<\/dt><\/dl><dl class='gallery-item'>\n\t\t\t<dt class='gallery-icon portrait'>\n\t\t\t\t<a href='https:\/\/sinprofaz.org.br\/2024\/wp-content\/uploads\/2015\/04\/034.jpg'><img loading=\"lazy\" decoding=\"async\" width=\"150\" height=\"150\" src=\"https:\/\/sinprofaz.org.br\/2024\/wp-content\/uploads\/2015\/04\/034-150x150.jpg\" class=\"attachment-thumbnail size-thumbnail\" alt=\"\" \/><\/a>\n\t\t\t<\/dt><\/dl><dl class='gallery-item'>\n\t\t\t<dt class='gallery-icon portrait'>\n\t\t\t\t<a href='https:\/\/sinprofaz.org.br\/2024\/wp-content\/uploads\/2015\/04\/042.jpg'><img loading=\"lazy\" decoding=\"async\" width=\"150\" height=\"150\" src=\"https:\/\/sinprofaz.org.br\/2024\/wp-content\/uploads\/2015\/04\/042-150x150.jpg\" class=\"attachment-thumbnail size-thumbnail\" alt=\"\" \/><\/a>\n\t\t\t<\/dt><\/dl><br style=\"clear: both\" \/><dl class='gallery-item'>\n\t\t\t<dt class='gallery-icon portrait'>\n\t\t\t\t<a href='https:\/\/sinprofaz.org.br\/2024\/wp-content\/uploads\/2015\/04\/051.jpg'><img loading=\"lazy\" decoding=\"async\" width=\"150\" height=\"150\" src=\"https:\/\/sinprofaz.org.br\/2024\/wp-content\/uploads\/2015\/04\/051-150x150.jpg\" class=\"attachment-thumbnail size-thumbnail\" alt=\"\" \/><\/a>\n\t\t\t<\/dt><\/dl>\n\t\t\t<br style='clear: both' \/>\n\t\t<\/div>\n\n","protected":false},"excerpt":{"rendered":"<p>Em longa entrevista que ganhou a primeira p\u00e1gina do prestigiado caderno Ali\u00e1s do jornal O Estado de S. Paulo, o presidente do SINPROFAZ, Her\u00e1clio Camargo, denunciou o sistema tribut\u00e1rio injusto e que fomenta a concorrencia desleal e a concentra\u00e7\u00e3o de renda.<\/p>\n","protected":false},"author":1,"featured_media":6254,"comment_status":"closed","ping_status":"open","sticky":false,"template":"","format":"standard","meta":{"footnotes":""},"categories":[8],"tags":[],"featured_image_url":"https:\/\/sinprofaz.org.br\/2024\/wp-content\/uploads\/2015\/04\/0130.jpg","character_count":315,"formatted_date":"13\/04\/2015 - 12:02","contentNovo":"<p>Na reportagem, o presidente do Sindicato falou sobre a rela\u00e7\u00e3o entre sonega\u00e7\u00e3o e corrup\u00e7\u00e3o e pugnou pela simplifica\u00e7\u00e3o do sistema tribut\u00e1rio e pela participa\u00e7\u00e3o mais ativa da cidadania nessa quest\u00e3o.<\/p>\r\n<p><a href=\"http:\/\/alias.estadao.com.br\/noticias\/geral,quem-tem-medo-de-imposto,1667700\" target=\"_blank\">Leia a \u00edntegra aqui<\/a>.<\/p>\r\n[gallery link=\"file\" ids=\"6255,6256,6257,6258\"]","_links":{"self":[{"href":"https:\/\/sinprofaz.org.br\/2024\/wp-json\/wp\/v2\/posts\/2190"}],"collection":[{"href":"https:\/\/sinprofaz.org.br\/2024\/wp-json\/wp\/v2\/posts"}],"about":[{"href":"https:\/\/sinprofaz.org.br\/2024\/wp-json\/wp\/v2\/types\/post"}],"author":[{"embeddable":true,"href":"https:\/\/sinprofaz.org.br\/2024\/wp-json\/wp\/v2\/users\/1"}],"replies":[{"embeddable":true,"href":"https:\/\/sinprofaz.org.br\/2024\/wp-json\/wp\/v2\/comments?post=2190"}],"version-history":[{"count":2,"href":"https:\/\/sinprofaz.org.br\/2024\/wp-json\/wp\/v2\/posts\/2190\/revisions"}],"predecessor-version":[{"id":6260,"href":"https:\/\/sinprofaz.org.br\/2024\/wp-json\/wp\/v2\/posts\/2190\/revisions\/6260"}],"wp:featuredmedia":[{"embeddable":true,"href":"https:\/\/sinprofaz.org.br\/2024\/wp-json\/wp\/v2\/media\/6254"}],"wp:attachment":[{"href":"https:\/\/sinprofaz.org.br\/2024\/wp-json\/wp\/v2\/media?parent=2190"}],"wp:term":[{"taxonomy":"category","embeddable":true,"href":"https:\/\/sinprofaz.org.br\/2024\/wp-json\/wp\/v2\/categories?post=2190"},{"taxonomy":"post_tag","embeddable":true,"href":"https:\/\/sinprofaz.org.br\/2024\/wp-json\/wp\/v2\/tags?post=2190"}],"curies":[{"name":"wp","href":"https:\/\/api.w.org\/{rel}","templated":true}]}}