{"id":219,"date":"2011-06-21T20:15:44","date_gmt":"2011-06-21T20:15:44","guid":{"rendered":""},"modified":"2016-03-31T15:24:52","modified_gmt":"2016-03-31T15:24:52","slug":"forum-aprova-estatuto-em-assembleia-geral-e-convoca-eleicoes-para-a-nova-diretoria-executiva","status":"publish","type":"post","link":"https:\/\/sinprofaz.org.br\/2024\/noticias\/forum-aprova-estatuto-em-assembleia-geral-e-convoca-eleicoes-para-a-nova-diretoria-executiva\/","title":{"rendered":"Forum aprova Estatuto em Assembleia Geral e convoca elei\u00e7\u00f5es para a nova Diretoria Executiva"},"content":{"rendered":"<p>Em reuni\u00e3o realizada no m\u00eas de maio de 2011, os dirigentes das entidades que integram o Forum Nacional da Advocacia P\u00fablica Federal aprovaram, por consenso, a nova vers\u00e3o do Estatuto Social, que dispor\u00e1 sobre a estrutura org\u00e2nica, o funcionamento e o processo decis\u00f3rio da entidade confederativa.<\/p>\n<p>Incorporando boas pr\u00e1ticas de governan\u00e7a, e baseando-se na estrutura institucional da OAB, a nova estrutura do Forum contar\u00e1 com um Conselho Pleno de Dirigentes e com uma Diretoria-Executiva. A diretoria passar\u00e1 a ter mandato fixo de um ano e ser\u00e1 composta por um Presidente, um Vice-Presidente, um Secret\u00e1rio-Geral e um Diretor-Tesoureiro, tornando ainda mais plural a gest\u00e3o da entidade.<\/p>\n<p>A minuta final do novo estatuto do Forum sofreu revis\u00e3o de forma e aguarda apenas a assinatura dos dirigentes das entidades que participaram da reuni\u00e3o para que seja levada a registro. Elei\u00e7\u00f5es<\/p>\n<p>Em vista da aprova\u00e7\u00e3o do novo estatuto, e da nova estrutura institucional nele prevista para o Forum, bem como diante da manifesta\u00e7\u00e3o da atual dire\u00e7\u00e3o &#8211; que j\u00e1 externou sua inten\u00e7\u00e3o de n\u00e3o continuar \u00e0 frente da entidade, pugnando pela necessidade de se promover a transi\u00e7\u00e3o no comando da entidade confederativa &#8211; ,foi convocada uma nova reuni\u00e3o dos dirigentes do Forum para o dia 29 de junho, \u00e0s 18 horas, com o objetivo de eleger a nova Diretoria-Executiva do Forum, j\u00e1 sob a \u00e9gide do novo estatuto.<\/p>\n<p>Excepcionalmente nessa primeira gest\u00e3o ap\u00f3s o advento do novo estatuto, a Diretoria-Executiva que ser\u00e1 eleita na pr\u00f3xima semana administrar\u00e1 a entidade at\u00e9 o final de 2012, quando ent\u00e3o se far\u00e1 uma nova elei\u00e7\u00e3o. A partir de ent\u00e3o, os mandatos ser\u00e3o anuais.<\/p>\n<p>Por fim, tamb\u00e9m de acordo com o novo estatuto, a Diretoria-Executiva, em at\u00e9 5 dias ap\u00f3s sua posse, dever\u00e1 constituir uma Comiss\u00e3o Revisora do estatuto do Forum, estabelecendo um cronograma para envio de sugest\u00f5es. Ap\u00f3s an\u00e1lise e consolida\u00e7\u00e3o das sugest\u00f5e encaminhadas, o texto proposto ser\u00e1 submetido \u00e0 delibera\u00e7\u00e3o da Assembleia-Geral do Forum, o que deve ocorrer em at\u00e9 60 dias ap\u00f3s a posse.<\/p>\n<p><a href=\"http:\/\/www.advocaciapublica.com.br\/forum\/images\/stories\/estatuto_forum.pdf\" target=\"_blank\">Clique aqui<\/a> para visualizar o novo estatuto.<\/p>\n","protected":false},"excerpt":{"rendered":"<p>&nbsp;<\/p>\n<p>Em reuni\u00e3o realizada no m\u00eas de maio de 2011, dirigentes das entidades que integram o Forum Nacional da Advocacia P\u00fablica Federal aprovaram, por consenso, a nova vers\u00e3o do Estatuto Social.<\/p>\n","protected":false},"author":1,"featured_media":4284,"comment_status":"closed","ping_status":"open","sticky":false,"template":"","format":"standard","meta":{"footnotes":""},"categories":[8],"tags":[],"featured_image_url":"https:\/\/sinprofaz.org.br\/2024\/wp-content\/uploads\/2011\/06\/013.jpg","character_count":1077,"formatted_date":"21\/06\/2011 - 20:15","contentNovo":"Em reuni\u00e3o realizada no m\u00eas de maio de 2011, os dirigentes das entidades que integram o Forum Nacional da Advocacia P\u00fablica Federal aprovaram, por consenso, a nova vers\u00e3o do Estatuto Social, que dispor\u00e1 sobre a estrutura org\u00e2nica, o funcionamento e o processo decis\u00f3rio da entidade confederativa.\r\n\r\nIncorporando boas pr\u00e1ticas de governan\u00e7a, e baseando-se na estrutura institucional da OAB, a nova estrutura do Forum contar\u00e1 com um Conselho Pleno de Dirigentes e com uma Diretoria-Executiva. A diretoria passar\u00e1 a ter mandato fixo de um ano e ser\u00e1 composta por um Presidente, um Vice-Presidente, um Secret\u00e1rio-Geral e um Diretor-Tesoureiro, tornando ainda mais plural a gest\u00e3o da entidade.\r\n\r\nA minuta final do novo estatuto do Forum sofreu revis\u00e3o de forma e aguarda apenas a assinatura dos dirigentes das entidades que participaram da reuni\u00e3o para que seja levada a registro. Elei\u00e7\u00f5es\r\n\r\nEm vista da aprova\u00e7\u00e3o do novo estatuto, e da nova estrutura institucional nele prevista para o Forum, bem como diante da manifesta\u00e7\u00e3o da atual dire\u00e7\u00e3o - que j\u00e1 externou sua inten\u00e7\u00e3o de n\u00e3o continuar \u00e0 frente da entidade, pugnando pela necessidade de se promover a transi\u00e7\u00e3o no comando da entidade confederativa - ,foi convocada uma nova reuni\u00e3o dos dirigentes do Forum para o dia 29 de junho, \u00e0s 18 horas, com o objetivo de eleger a nova Diretoria-Executiva do Forum, j\u00e1 sob a \u00e9gide do novo estatuto.\r\n\r\nExcepcionalmente nessa primeira gest\u00e3o ap\u00f3s o advento do novo estatuto, a Diretoria-Executiva que ser\u00e1 eleita na pr\u00f3xima semana administrar\u00e1 a entidade at\u00e9 o final de 2012, quando ent\u00e3o se far\u00e1 uma nova elei\u00e7\u00e3o. A partir de ent\u00e3o, os mandatos ser\u00e3o anuais.\r\n\r\nPor fim, tamb\u00e9m de acordo com o novo estatuto, a Diretoria-Executiva, em at\u00e9 5 dias ap\u00f3s sua posse, dever\u00e1 constituir uma Comiss\u00e3o Revisora do estatuto do Forum, estabelecendo um cronograma para envio de sugest\u00f5es. Ap\u00f3s an\u00e1lise e consolida\u00e7\u00e3o das sugest\u00f5e encaminhadas, o texto proposto ser\u00e1 submetido \u00e0 delibera\u00e7\u00e3o da Assembleia-Geral do Forum, o que deve ocorrer em at\u00e9 60 dias ap\u00f3s a posse.\r\n\r\n<a href=\"http:\/\/www.advocaciapublica.com.br\/forum\/images\/stories\/estatuto_forum.pdf\" target=\"_blank\">Clique aqui<\/a> para visualizar o novo estatuto.","_links":{"self":[{"href":"https:\/\/sinprofaz.org.br\/2024\/wp-json\/wp\/v2\/posts\/219"}],"collection":[{"href":"https:\/\/sinprofaz.org.br\/2024\/wp-json\/wp\/v2\/posts"}],"about":[{"href":"https:\/\/sinprofaz.org.br\/2024\/wp-json\/wp\/v2\/types\/post"}],"author":[{"embeddable":true,"href":"https:\/\/sinprofaz.org.br\/2024\/wp-json\/wp\/v2\/users\/1"}],"replies":[{"embeddable":true,"href":"https:\/\/sinprofaz.org.br\/2024\/wp-json\/wp\/v2\/comments?post=219"}],"version-history":[{"count":1,"href":"https:\/\/sinprofaz.org.br\/2024\/wp-json\/wp\/v2\/posts\/219\/revisions"}],"predecessor-version":[{"id":4285,"href":"https:\/\/sinprofaz.org.br\/2024\/wp-json\/wp\/v2\/posts\/219\/revisions\/4285"}],"wp:featuredmedia":[{"embeddable":true,"href":"https:\/\/sinprofaz.org.br\/2024\/wp-json\/wp\/v2\/media\/4284"}],"wp:attachment":[{"href":"https:\/\/sinprofaz.org.br\/2024\/wp-json\/wp\/v2\/media?parent=219"}],"wp:term":[{"taxonomy":"category","embeddable":true,"href":"https:\/\/sinprofaz.org.br\/2024\/wp-json\/wp\/v2\/categories?post=219"},{"taxonomy":"post_tag","embeddable":true,"href":"https:\/\/sinprofaz.org.br\/2024\/wp-json\/wp\/v2\/tags?post=219"}],"curies":[{"name":"wp","href":"https:\/\/api.w.org\/{rel}","templated":true}]}}