{"id":2176,"date":"2015-04-07T17:44:14","date_gmt":"2015-04-07T17:44:14","guid":{"rendered":""},"modified":"-0001-11-30T00:00:00","modified_gmt":"-0001-11-30T03:00:00","slug":"oab-intensificara-esforcos-em-prol-dos-pleitos-da-advocacia-publica-federal","status":"publish","type":"post","link":"https:\/\/sinprofaz.org.br\/2024\/noticias\/oab-intensificara-esforcos-em-prol-dos-pleitos-da-advocacia-publica-federal\/","title":{"rendered":"OAB intensificar\u00e1 esfor\u00e7os em prol dos pleitos da Advocacia P\u00fablica Federal"},"content":{"rendered":"<p>O Presidente da OAB asseverou que intensificar\u00e1 a atua\u00e7\u00e3o da Ordem em favor dos pleitos da Advocacia Publica Federal, especialmente as PECs 443 e 82.<\/p>\n<p>O Presidente da OAB\/DF, Ibaneis Rocha, tamb\u00e9m esteve presente e apoiou a atua\u00e7\u00e3o incisiva do SINPROFAZ, diante da situa\u00e7\u00e3o sem precedentes da Carreira.<\/p>\n<p>O Presidente Her\u00e1clio Camargo ressaltou que o concurso da OAB j\u00e1 se mostrou essencial na quest\u00e3o dos Honor\u00e1rios e ser\u00e1 decisivo para atravessarmos a crise in\u00e9dita por que passa a AGU.<\/p>\n<p>&nbsp;<\/p>\n<p style=\"text-align: center;\"><img loading=\"lazy\" decoding=\"async\" style=\"margin-right: 5px; margin-bottom: 10px;\" alt=\"\" src=\"images\/noticias\/oab-intensificara-esforcos-em-prol-dos-pleitos-da-advocacia-publica-federal\/01.jpg\" height=\"100\" width=\"139\" \/><img loading=\"lazy\" decoding=\"async\" style=\"margin-right: 5px; margin-bottom: 10px;\" alt=\"\" src=\"images\/noticias\/oab-intensificara-esforcos-em-prol-dos-pleitos-da-advocacia-publica-federal\/03.jpg\" height=\"100\" width=\"139\" \/><img loading=\"lazy\" decoding=\"async\" style=\"margin-right: 5px; margin-bottom: 10px;\" alt=\"\" src=\"images\/noticias\/oab-intensificara-esforcos-em-prol-dos-pleitos-da-advocacia-publica-federal\/04.jpg\" height=\"100\" width=\"139\" \/><img loading=\"lazy\" decoding=\"async\" style=\"margin-right: 5px; margin-bottom: 10px;\" alt=\"\" src=\"images\/noticias\/oab-intensificara-esforcos-em-prol-dos-pleitos-da-advocacia-publica-federal\/05.jpg\" height=\"100\" width=\"139\" \/><img loading=\"lazy\" decoding=\"async\" style=\"margin-right: 5px; margin-bottom: 10px;\" alt=\"\" src=\"images\/noticias\/oab-intensificara-esforcos-em-prol-dos-pleitos-da-advocacia-publica-federal\/06.jpg\" height=\"100\" width=\"139\" \/><img loading=\"lazy\" decoding=\"async\" style=\"margin-right: 5px; margin-bottom: 10px;\" alt=\"\" src=\"images\/noticias\/oab-intensificara-esforcos-em-prol-dos-pleitos-da-advocacia-publica-federal\/07.jpg\" height=\"100\" width=\"139\" \/><img loading=\"lazy\" decoding=\"async\" style=\"margin-right: 5px; margin-bottom: 10px;\" alt=\"\" src=\"images\/noticias\/oab-intensificara-esforcos-em-prol-dos-pleitos-da-advocacia-publica-federal\/08.jpg\" height=\"100\" width=\"139\" \/><img loading=\"lazy\" decoding=\"async\" style=\"margin-right: 5px; margin-bottom: 10px;\" alt=\"\" src=\"images\/noticias\/oab-intensificara-esforcos-em-prol-dos-pleitos-da-advocacia-publica-federal\/09.jpg\" height=\"100\" width=\"139\" \/><img loading=\"lazy\" decoding=\"async\" style=\"margin-right: 5px; margin-bottom: 10px;\" alt=\"\" src=\"images\/noticias\/oab-intensificara-esforcos-em-prol-dos-pleitos-da-advocacia-publica-federal\/10.jpg\" height=\"100\" width=\"139\" \/><img loading=\"lazy\" decoding=\"async\" style=\"margin-right: 5px; margin-bottom: 10px;\" alt=\"\" src=\"images\/noticias\/oab-intensificara-esforcos-em-prol-dos-pleitos-da-advocacia-publica-federal\/11.jpg\" height=\"100\" width=\"139\" \/><img loading=\"lazy\" decoding=\"async\" style=\"margin-right: 5px; margin-bottom: 10px;\" alt=\"\" src=\"images\/noticias\/oab-intensificara-esforcos-em-prol-dos-pleitos-da-advocacia-publica-federal\/12.jpg\" height=\"100\" width=\"139\" \/><\/p>\n","protected":false},"excerpt":{"rendered":"<p>O Presidente do SINPROFAZ, Her\u00e1clio Camargo, e demais entidades da Advocacia P\u00fablica reuniram-se com o Presidente do Conselho Federal da OAB, Marcos Vin\u00edcius Furtado Co\u00ealho, em Brasilia.<\/p>\n","protected":false},"author":1,"featured_media":6292,"comment_status":"closed","ping_status":"open","sticky":false,"template":"","format":"standard","meta":{"footnotes":""},"categories":[8],"tags":[],"featured_image_url":"https:\/\/sinprofaz.org.br\/2024\/wp-content\/uploads\/2015\/04\/0140.jpg","character_count":254,"formatted_date":"07\/04\/2015 - 17:44","contentNovo":"\r\n<p>O Presidente da OAB asseverou que intensificar\u00e1 a atua\u00e7\u00e3o da Ordem em favor dos pleitos da Advocacia Publica Federal, especialmente as PECs 443 e 82.<\/p>\r\n<p>O Presidente da OAB\/DF, Ibaneis Rocha, tamb\u00e9m esteve presente e apoiou a atua\u00e7\u00e3o incisiva do SINPROFAZ, diante da situa\u00e7\u00e3o sem precedentes da Carreira.<\/p>\r\n<p>O Presidente Her\u00e1clio Camargo ressaltou que o concurso da OAB j\u00e1 se mostrou essencial na quest\u00e3o dos Honor\u00e1rios e ser\u00e1 decisivo para atravessarmos a crise in\u00e9dita por que passa a AGU.<\/p>\r\n<p>&nbsp;<\/p>\r\n<p style=\"text-align: center;\"><\/p>","_links":{"self":[{"href":"https:\/\/sinprofaz.org.br\/2024\/wp-json\/wp\/v2\/posts\/2176"}],"collection":[{"href":"https:\/\/sinprofaz.org.br\/2024\/wp-json\/wp\/v2\/posts"}],"about":[{"href":"https:\/\/sinprofaz.org.br\/2024\/wp-json\/wp\/v2\/types\/post"}],"author":[{"embeddable":true,"href":"https:\/\/sinprofaz.org.br\/2024\/wp-json\/wp\/v2\/users\/1"}],"replies":[{"embeddable":true,"href":"https:\/\/sinprofaz.org.br\/2024\/wp-json\/wp\/v2\/comments?post=2176"}],"version-history":[{"count":0,"href":"https:\/\/sinprofaz.org.br\/2024\/wp-json\/wp\/v2\/posts\/2176\/revisions"}],"wp:featuredmedia":[{"embeddable":true,"href":"https:\/\/sinprofaz.org.br\/2024\/wp-json\/wp\/v2\/media\/6292"}],"wp:attachment":[{"href":"https:\/\/sinprofaz.org.br\/2024\/wp-json\/wp\/v2\/media?parent=2176"}],"wp:term":[{"taxonomy":"category","embeddable":true,"href":"https:\/\/sinprofaz.org.br\/2024\/wp-json\/wp\/v2\/categories?post=2176"},{"taxonomy":"post_tag","embeddable":true,"href":"https:\/\/sinprofaz.org.br\/2024\/wp-json\/wp\/v2\/tags?post=2176"}],"curies":[{"name":"wp","href":"https:\/\/api.w.org\/{rel}","templated":true}]}}