{"id":2173,"date":"2015-04-06T17:26:47","date_gmt":"2015-04-06T17:26:47","guid":{"rendered":""},"modified":"2016-12-07T18:49:32","modified_gmt":"2016-12-07T18:49:32","slug":"radio-guaiba-sinprofaz-denuncia-sonegacao-e-corrupcao","status":"publish","type":"post","link":"https:\/\/sinprofaz.org.br\/2024\/noticias\/radio-guaiba-sinprofaz-denuncia-sonegacao-e-corrupcao\/","title":{"rendered":"R\u00e1dio Gua\u00edba: SINPROFAZ denuncia Sonega\u00e7\u00e3o e Corrup\u00e7\u00e3o"},"content":{"rendered":"<p>O Presidente Her\u00e1clio destacou, ainda, a Campanha do Soneg\u00f4metro promovida pelo Sindicato. De acordo com ele, nenhum estudo t\u00e3o sofisticado foi feito at\u00e9 ent\u00e3o para estudar os n\u00fameros da sonega\u00e7\u00e3o.<\/p>\n<p><a href=\"https:\/\/www.youtube.com\/watch?v=VGdTW4dDEMs\" target=\"_blank\">Confira aqui<\/a> a \u00edntegra da entrevista.<\/p>\n","protected":false},"excerpt":{"rendered":"<p>Em entrevista \u00e0 R\u00e1dio Gua\u00edba, o Presidente do SINPROFAZ, Her\u00e1clio Camargo, destacou que s\u00f3 neste ano mais de R$100 bilh\u00f5es foram sonegados. Segundo ele, o Governo Federal n\u00e3o estrutura adequadamente a Carreira de Procurador da Fazenda Nacional, que \u00e9 a respons\u00e1vel por combater a sonega\u00e7\u00e3o fiscal.<\/p>\n","protected":false},"author":1,"featured_media":6299,"comment_status":"closed","ping_status":"open","sticky":false,"template":"","format":"standard","meta":{"footnotes":""},"categories":[8],"tags":[],"featured_image_url":"https:\/\/sinprofaz.org.br\/2024\/wp-content\/uploads\/2015\/04\/0143.jpg","character_count":123,"formatted_date":"06\/04\/2015 - 17:26","contentNovo":"<p>O Presidente Her\u00e1clio destacou, ainda, a Campanha do Soneg\u00f4metro promovida pelo Sindicato. De acordo com ele, nenhum estudo t\u00e3o sofisticado foi feito at\u00e9 ent\u00e3o para estudar os n\u00fameros da sonega\u00e7\u00e3o.<a href=\"https:\/\/www.youtube.com\/watch?v=VGdTW4dDEMs\" target=\"_blank\">Confira aqui<\/a> a \u00edntegra da entrevista.<\/p>","_links":{"self":[{"href":"https:\/\/sinprofaz.org.br\/2024\/wp-json\/wp\/v2\/posts\/2173"}],"collection":[{"href":"https:\/\/sinprofaz.org.br\/2024\/wp-json\/wp\/v2\/posts"}],"about":[{"href":"https:\/\/sinprofaz.org.br\/2024\/wp-json\/wp\/v2\/types\/post"}],"author":[{"embeddable":true,"href":"https:\/\/sinprofaz.org.br\/2024\/wp-json\/wp\/v2\/users\/1"}],"replies":[{"embeddable":true,"href":"https:\/\/sinprofaz.org.br\/2024\/wp-json\/wp\/v2\/comments?post=2173"}],"version-history":[{"count":1,"href":"https:\/\/sinprofaz.org.br\/2024\/wp-json\/wp\/v2\/posts\/2173\/revisions"}],"predecessor-version":[{"id":6300,"href":"https:\/\/sinprofaz.org.br\/2024\/wp-json\/wp\/v2\/posts\/2173\/revisions\/6300"}],"wp:featuredmedia":[{"embeddable":true,"href":"https:\/\/sinprofaz.org.br\/2024\/wp-json\/wp\/v2\/media\/6299"}],"wp:attachment":[{"href":"https:\/\/sinprofaz.org.br\/2024\/wp-json\/wp\/v2\/media?parent=2173"}],"wp:term":[{"taxonomy":"category","embeddable":true,"href":"https:\/\/sinprofaz.org.br\/2024\/wp-json\/wp\/v2\/categories?post=2173"},{"taxonomy":"post_tag","embeddable":true,"href":"https:\/\/sinprofaz.org.br\/2024\/wp-json\/wp\/v2\/tags?post=2173"}],"curies":[{"name":"wp","href":"https:\/\/api.w.org\/{rel}","templated":true}]}}