{"id":2169,"date":"2015-04-02T18:31:10","date_gmt":"2015-04-02T18:31:10","guid":{"rendered":""},"modified":"2016-12-07T18:59:35","modified_gmt":"2016-12-07T18:59:35","slug":"sinprofaz-reune-se-com-parlamentares-do-dem","status":"publish","type":"post","link":"https:\/\/sinprofaz.org.br\/2024\/noticias\/sinprofaz-reune-se-com-parlamentares-do-dem\/","title":{"rendered":"SINPROFAZ re\u00fane-se com parlamentares do DEM"},"content":{"rendered":"<p>Na \u00faltima quarta-feira (01), o SINPROFAZ, representado pelo Presidente Her\u00e1clio Camargo e pelos Colegas M\u00e1rcio Senra, Renato Marianno, Magda Forni e Jacqueline Carneiro, esteve em reuni\u00e3o no gabinete do Democratas na C\u00e2mara. O Presidente da Anauni, Bruno Fortes, tamb\u00e9m participou do encontro.<\/p>\n<p>O Sindicato foi recebido pelo l\u00edder do partido na Casa, Mendon\u00e7a Filho (DEM-PE), al\u00e9m dos deputados Alberto Fraga (DF), Efraim Filho (PB) e Pauderney Avelino (AM).<\/p>\n<p>Os parlamentares receberam os pleitos da Carreira e demonstraram apoio \u00e0s demandas apresentadas. Na reuni\u00e3o, o SINPROFAZ entregou o documento &#8220;10 raz\u00f5es para aprovar PEC 82\/2007&#8221; &#8211; produzida em conjunto com os sindicatos e associa\u00e7\u00f5es amigas.<\/p>\n<p>O Presidente do SINPROFAZ destacou que a PEC 82 \u00e9 um projeto que prev\u00ea o fortalecimento da gest\u00e3o p\u00fablica e n\u00e3o causa impacto or\u00e7ament\u00e1rio. Al\u00e9m disso, no momento de fragilidade pelo qual passa o Governo Federal, \u00e9 preciso, ainda segundo o Presidente, fortalecer as institui\u00e7\u00f5es p\u00fablicas.<\/p>\n\n\t\t<style type=\"text\/css\">\n\t\t\t#gallery-1 {\n\t\t\t\tmargin: auto;\n\t\t\t}\n\t\t\t#gallery-1 .gallery-item {\n\t\t\t\tfloat: left;\n\t\t\t\tmargin-top: 10px;\n\t\t\t\ttext-align: center;\n\t\t\t\twidth: 33%;\n\t\t\t}\n\t\t\t#gallery-1 img {\n\t\t\t\tborder: 2px solid #cfcfcf;\n\t\t\t}\n\t\t\t#gallery-1 .gallery-caption {\n\t\t\t\tmargin-left: 0;\n\t\t\t}\n\t\t\t\/* see gallery_shortcode() in wp-includes\/media.php *\/\n\t\t<\/style>\n\t\t<div id='gallery-1' class='gallery galleryid-2169 gallery-columns-3 gallery-size-thumbnail'><dl class='gallery-item'>\n\t\t\t<dt class='gallery-icon landscape'>\n\t\t\t\t<a href='https:\/\/sinprofaz.org.br\/2024\/wp-content\/uploads\/2015\/04\/0210.jpg'><img loading=\"lazy\" decoding=\"async\" width=\"150\" height=\"150\" src=\"https:\/\/sinprofaz.org.br\/2024\/wp-content\/uploads\/2015\/04\/0210-150x150.jpg\" class=\"attachment-thumbnail size-thumbnail\" alt=\"\" \/><\/a>\n\t\t\t<\/dt><\/dl><dl class='gallery-item'>\n\t\t\t<dt class='gallery-icon landscape'>\n\t\t\t\t<a href='https:\/\/sinprofaz.org.br\/2024\/wp-content\/uploads\/2015\/04\/036.jpg'><img loading=\"lazy\" decoding=\"async\" width=\"150\" height=\"150\" src=\"https:\/\/sinprofaz.org.br\/2024\/wp-content\/uploads\/2015\/04\/036-150x150.jpg\" class=\"attachment-thumbnail size-thumbnail\" alt=\"\" \/><\/a>\n\t\t\t<\/dt><\/dl>\n\t\t\t<br style='clear: both' \/>\n\t\t<\/div>\n\n","protected":false},"excerpt":{"rendered":"<p>Na \u00faltima quarta-feira (01), o SINPROFAZ, representado pelo Presidente Her\u00e1clio Camargo e pelos Colegas M\u00e1rcio Senra, Renato Marianno, Magda Forni e Jacqueline Carneiro, esteve em reuni\u00e3o no gabinete do Democratas na C\u00e2mara. O Presidente da Anauni, Bruno Fortes, tamb\u00e9m participou do encontro.<\/p>\n","protected":false},"author":1,"featured_media":6309,"comment_status":"closed","ping_status":"open","sticky":false,"template":"","format":"standard","meta":{"footnotes":""},"categories":[8],"tags":[],"featured_image_url":"https:\/\/sinprofaz.org.br\/2024\/wp-content\/uploads\/2015\/04\/0147-800x198.jpg","character_count":702,"formatted_date":"02\/04\/2015 - 18:31","contentNovo":"<p>Na \u00faltima quarta-feira (01), o SINPROFAZ, representado pelo Presidente Her\u00e1clio Camargo e pelos Colegas M\u00e1rcio Senra, Renato Marianno, Magda Forni e Jacqueline Carneiro, esteve em reuni\u00e3o no gabinete do Democratas na C\u00e2mara. O Presidente da Anauni, Bruno Fortes, tamb\u00e9m participou do encontro.<\/p>\r\n<p>O Sindicato foi recebido pelo l\u00edder do partido na Casa, Mendon\u00e7a Filho (DEM-PE), al\u00e9m dos deputados Alberto Fraga (DF), Efraim Filho (PB) e Pauderney Avelino (AM).<\/p>\r\n<p>Os parlamentares receberam os pleitos da Carreira e demonstraram apoio \u00e0s demandas apresentadas. Na reuni\u00e3o, o SINPROFAZ entregou o documento \"10 raz\u00f5es para aprovar PEC 82\/2007\" - produzida em conjunto com os sindicatos e associa\u00e7\u00f5es amigas.<\/p>\r\n<p>O Presidente do SINPROFAZ destacou que a PEC 82 \u00e9 um projeto que prev\u00ea o fortalecimento da gest\u00e3o p\u00fablica e n\u00e3o causa impacto or\u00e7ament\u00e1rio. Al\u00e9m disso, no momento de fragilidade pelo qual passa o Governo Federal, \u00e9 preciso, ainda segundo o Presidente, fortalecer as institui\u00e7\u00f5es p\u00fablicas.<\/p>\r\n[gallery link=\"file\" ids=\"6310,6311\"]\r\n","_links":{"self":[{"href":"https:\/\/sinprofaz.org.br\/2024\/wp-json\/wp\/v2\/posts\/2169"}],"collection":[{"href":"https:\/\/sinprofaz.org.br\/2024\/wp-json\/wp\/v2\/posts"}],"about":[{"href":"https:\/\/sinprofaz.org.br\/2024\/wp-json\/wp\/v2\/types\/post"}],"author":[{"embeddable":true,"href":"https:\/\/sinprofaz.org.br\/2024\/wp-json\/wp\/v2\/users\/1"}],"replies":[{"embeddable":true,"href":"https:\/\/sinprofaz.org.br\/2024\/wp-json\/wp\/v2\/comments?post=2169"}],"version-history":[{"count":2,"href":"https:\/\/sinprofaz.org.br\/2024\/wp-json\/wp\/v2\/posts\/2169\/revisions"}],"predecessor-version":[{"id":6312,"href":"https:\/\/sinprofaz.org.br\/2024\/wp-json\/wp\/v2\/posts\/2169\/revisions\/6312"}],"wp:featuredmedia":[{"embeddable":true,"href":"https:\/\/sinprofaz.org.br\/2024\/wp-json\/wp\/v2\/media\/6309"}],"wp:attachment":[{"href":"https:\/\/sinprofaz.org.br\/2024\/wp-json\/wp\/v2\/media?parent=2169"}],"wp:term":[{"taxonomy":"category","embeddable":true,"href":"https:\/\/sinprofaz.org.br\/2024\/wp-json\/wp\/v2\/categories?post=2169"},{"taxonomy":"post_tag","embeddable":true,"href":"https:\/\/sinprofaz.org.br\/2024\/wp-json\/wp\/v2\/tags?post=2169"}],"curies":[{"name":"wp","href":"https:\/\/api.w.org\/{rel}","templated":true}]}}