{"id":2156,"date":"2015-03-25T18:47:22","date_gmt":"2015-03-25T18:47:22","guid":{"rendered":""},"modified":"2017-06-09T14:57:50","modified_gmt":"2017-06-09T14:57:50","slug":"sinprofaz-pressiona-lideres-parlamentares-pela-insercao-da-pec-82-na-pauta","status":"publish","type":"post","link":"https:\/\/sinprofaz.org.br\/2024\/noticias\/sinprofaz-pressiona-lideres-parlamentares-pela-insercao-da-pec-82-na-pauta\/","title":{"rendered":"SINPROFAZ pressiona l\u00edderes parlamentares pela inser\u00e7\u00e3o da PEC 82 na pauta"},"content":{"rendered":"<p>Na tarde desta ter\u00e7a-feira (24), o SINPROFAZ, acompanhado de representantes de outras associa\u00e7\u00f5es da Advocacia P\u00fablica, esteve presente na C\u00e2mara dos Deputados para pressionar os l\u00edderes dos partidos acerca da inclus\u00e3o da PEC 82\/2007 na pauta de vota\u00e7\u00f5es do plen\u00e1rio da Casa.<\/p>\n<p>Os parlamentares confirmaram o apoio \u00e0 mat\u00e9ria, no entanto, n\u00e3o \u00e9 poss\u00edvel garantir que a proposta entrar\u00e1 na ordem do dia do plen\u00e1rio ainda esta semana.<\/p>\n<p>Entre as manifesta\u00e7\u00f5es de votos favor\u00e1veis \u00e0 PEC da Probidade, destaque para os apoios dos deputados Lincoln Portela (PR-MG) e La\u00e9rcio Oliveira (SD-SE).<\/p>\n\n\t\t<style type=\"text\/css\">\n\t\t\t#gallery-1 {\n\t\t\t\tmargin: auto;\n\t\t\t}\n\t\t\t#gallery-1 .gallery-item {\n\t\t\t\tfloat: left;\n\t\t\t\tmargin-top: 10px;\n\t\t\t\ttext-align: center;\n\t\t\t\twidth: 33%;\n\t\t\t}\n\t\t\t#gallery-1 img {\n\t\t\t\tborder: 2px solid #cfcfcf;\n\t\t\t}\n\t\t\t#gallery-1 .gallery-caption {\n\t\t\t\tmargin-left: 0;\n\t\t\t}\n\t\t\t\/* see gallery_shortcode() in wp-includes\/media.php *\/\n\t\t<\/style>\n\t\t<div id='gallery-1' class='gallery galleryid-2156 gallery-columns-3 gallery-size-thumbnail'><dl class='gallery-item'>\n\t\t\t<dt class='gallery-icon landscape'>\n\t\t\t\t<a href='https:\/\/sinprofaz.org.br\/2024\/wp-content\/uploads\/2015\/03\/021.jpg'><img loading=\"lazy\" decoding=\"async\" width=\"150\" height=\"150\" src=\"https:\/\/sinprofaz.org.br\/2024\/wp-content\/uploads\/2015\/03\/021-150x150.jpg\" class=\"attachment-thumbnail size-thumbnail\" alt=\"\" \/><\/a>\n\t\t\t<\/dt><\/dl>\n\t\t\t<br style='clear: both' \/>\n\t\t<\/div>\n\n","protected":false},"excerpt":{"rendered":"<p>Na tarde desta ter\u00e7a-feira (24), o SINPROFAZ, acompanhado de representantes de outras associa\u00e7\u00f5es da Advocacia P\u00fablica, esteve presente na C\u00e2mara dos Deputados para pressionar os l\u00edderes dos partidos acerca da inclus\u00e3o da PEC 82\/2007 na pauta de vota\u00e7\u00f5es do plen\u00e1rio da Casa.<\/p>\n","protected":false},"author":1,"featured_media":7019,"comment_status":"closed","ping_status":"open","sticky":false,"template":"","format":"standard","meta":{"footnotes":""},"categories":[8],"tags":[],"featured_image_url":"https:\/\/sinprofaz.org.br\/2024\/wp-content\/uploads\/2015\/03\/017-800x198.jpg","character_count":481,"formatted_date":"25\/03\/2015 - 18:47","contentNovo":"<p>Na tarde desta ter\u00e7a-feira (24), o SINPROFAZ, acompanhado de representantes de outras associa\u00e7\u00f5es da Advocacia P\u00fablica, esteve presente na C\u00e2mara dos Deputados para pressionar os l\u00edderes dos partidos acerca da inclus\u00e3o da PEC 82\/2007 na pauta de vota\u00e7\u00f5es do plen\u00e1rio da Casa.<\/p>\r\n<p>Os parlamentares confirmaram o apoio \u00e0 mat\u00e9ria, no entanto, n\u00e3o \u00e9 poss\u00edvel garantir que a proposta entrar\u00e1 na ordem do dia do plen\u00e1rio ainda esta semana.<\/p>\r\n<p>Entre as manifesta\u00e7\u00f5es de votos favor\u00e1veis \u00e0 PEC da Probidade, destaque para os apoios dos deputados Lincoln Portela (PR-MG) e La\u00e9rcio Oliveira (SD-SE).<\/p>[gallery link=\"file\" ids=\"7020\"]\r\n\r\n","_links":{"self":[{"href":"https:\/\/sinprofaz.org.br\/2024\/wp-json\/wp\/v2\/posts\/2156"}],"collection":[{"href":"https:\/\/sinprofaz.org.br\/2024\/wp-json\/wp\/v2\/posts"}],"about":[{"href":"https:\/\/sinprofaz.org.br\/2024\/wp-json\/wp\/v2\/types\/post"}],"author":[{"embeddable":true,"href":"https:\/\/sinprofaz.org.br\/2024\/wp-json\/wp\/v2\/users\/1"}],"replies":[{"embeddable":true,"href":"https:\/\/sinprofaz.org.br\/2024\/wp-json\/wp\/v2\/comments?post=2156"}],"version-history":[{"count":2,"href":"https:\/\/sinprofaz.org.br\/2024\/wp-json\/wp\/v2\/posts\/2156\/revisions"}],"predecessor-version":[{"id":7021,"href":"https:\/\/sinprofaz.org.br\/2024\/wp-json\/wp\/v2\/posts\/2156\/revisions\/7021"}],"wp:featuredmedia":[{"embeddable":true,"href":"https:\/\/sinprofaz.org.br\/2024\/wp-json\/wp\/v2\/media\/7019"}],"wp:attachment":[{"href":"https:\/\/sinprofaz.org.br\/2024\/wp-json\/wp\/v2\/media?parent=2156"}],"wp:term":[{"taxonomy":"category","embeddable":true,"href":"https:\/\/sinprofaz.org.br\/2024\/wp-json\/wp\/v2\/categories?post=2156"},{"taxonomy":"post_tag","embeddable":true,"href":"https:\/\/sinprofaz.org.br\/2024\/wp-json\/wp\/v2\/tags?post=2156"}],"curies":[{"name":"wp","href":"https:\/\/api.w.org\/{rel}","templated":true}]}}