{"id":2136,"date":"2015-03-18T17:46:59","date_gmt":"2015-03-18T17:46:59","guid":{"rendered":""},"modified":"-0001-11-30T00:00:00","modified_gmt":"-0001-11-30T03:00:00","slug":"cbn-repercute-acao-da-campanha-nacional-da-justica-fiscal","status":"publish","type":"post","link":"https:\/\/sinprofaz.org.br\/2024\/noticias\/cbn-repercute-acao-da-campanha-nacional-da-justica-fiscal\/","title":{"rendered":"CBN repercute a\u00e7\u00e3o da Campanha Nacional da Justi\u00e7a Fiscal"},"content":{"rendered":"<p>A chamada sobre o Soneg\u00f4metro e a Lavandeira Brasil foi inserida ao vivo na manh\u00e3 de hoje, 18\/03, na programa\u00e7\u00e3o nacional da r\u00e1dio CBN.<\/p>\n<p>Confira <a href=\"http:\/\/cbn.globoradio.globo.com\/editorias\/pais\/2015\/03\/18\/MAIS-DE-R-105-BILHOES-JA-FORAM-SONEGADOS-DO-BRASIL.htm\" target=\"_blank\">clicando aqui<\/a>.<\/p>\n","protected":false},"excerpt":{"rendered":"<p>Soneg\u00f4metro foi instalado na Esplanada dos Minist\u00e9rios para revelar que mais de R$ 100 bilh\u00f5es j\u00e1 foram sonegados este ano no Brasil. Deste montante, 80% vem da lavagem de dinheiro, destacou reportagem da r\u00e1dio CBN.<\/p>\n","protected":false},"author":1,"featured_media":0,"comment_status":"closed","ping_status":"open","sticky":false,"template":"","format":"standard","meta":{"footnotes":""},"categories":[8],"tags":[],"featured_image_url":"https:\/\/dummyimage.com\/720x400","character_count":82,"formatted_date":"18\/03\/2015 - 17:46","contentNovo":"\r\n<p>A chamada sobre o Soneg\u00f4metro e a Lavandeira Brasil foi inserida ao vivo na manh\u00e3 de hoje, 18\/03, na programa\u00e7\u00e3o nacional da r\u00e1dio CBN.<\/p>\r\n<p>Confira <a href=\"http:\/\/cbn.globoradio.globo.com\/editorias\/pais\/2015\/03\/18\/MAIS-DE-R-105-BILHOES-JA-FORAM-SONEGADOS-DO-BRASIL.htm\" target=\"_blank\">clicando aqui<\/a>.<\/p>","_links":{"self":[{"href":"https:\/\/sinprofaz.org.br\/2024\/wp-json\/wp\/v2\/posts\/2136"}],"collection":[{"href":"https:\/\/sinprofaz.org.br\/2024\/wp-json\/wp\/v2\/posts"}],"about":[{"href":"https:\/\/sinprofaz.org.br\/2024\/wp-json\/wp\/v2\/types\/post"}],"author":[{"embeddable":true,"href":"https:\/\/sinprofaz.org.br\/2024\/wp-json\/wp\/v2\/users\/1"}],"replies":[{"embeddable":true,"href":"https:\/\/sinprofaz.org.br\/2024\/wp-json\/wp\/v2\/comments?post=2136"}],"version-history":[{"count":0,"href":"https:\/\/sinprofaz.org.br\/2024\/wp-json\/wp\/v2\/posts\/2136\/revisions"}],"wp:attachment":[{"href":"https:\/\/sinprofaz.org.br\/2024\/wp-json\/wp\/v2\/media?parent=2136"}],"wp:term":[{"taxonomy":"category","embeddable":true,"href":"https:\/\/sinprofaz.org.br\/2024\/wp-json\/wp\/v2\/categories?post=2136"},{"taxonomy":"post_tag","embeddable":true,"href":"https:\/\/sinprofaz.org.br\/2024\/wp-json\/wp\/v2\/tags?post=2136"}],"curies":[{"name":"wp","href":"https:\/\/api.w.org\/{rel}","templated":true}]}}