{"id":213,"date":"2011-06-15T12:53:45","date_gmt":"2011-06-15T12:53:45","guid":{"rendered":""},"modified":"2016-03-31T19:37:35","modified_gmt":"2016-03-31T19:37:35","slug":"balanco-da-campanha-quanto-custa-o-brasil-pra-voce","status":"publish","type":"post","link":"https:\/\/sinprofaz.org.br\/2024\/noticias\/balanco-da-campanha-quanto-custa-o-brasil-pra-voce\/","title":{"rendered":"Balan\u00e7o da Campanha \u201cQuanto Custa o Brasil pra Voc\u00ea?\u201d"},"content":{"rendered":"<p><strong>PFNs s\u00e3o protagonistas de um Movimento Nacional de Conscientiza\u00e7\u00e3o Tribut\u00e1ria<\/strong><\/p>\n<p>Desde seu lan\u00e7amento, em 14 de mar\u00e7o, a Campanha Nacional da Justi\u00e7a Fiscal 2011 apresenta indicadores crescentes de sua capacidade mobilizadora. O desafio de ampliar a discuss\u00e3o da inclus\u00e3o do Procurador da Fazenda Nacional em temas complexos como a Reforma Tribut\u00e1ria e o combate \u00e0 sonega\u00e7\u00e3o fiscal &#8211; para al\u00e9m de c\u00edrculos acad\u00eamicos, sindicais e pol\u00edticos &#8211; foi superado com louvor, utilizando-se o m\u00ednimo de recursos, mas com doses significativas de ousadia e criatividade. Desde ent\u00e3o, a causa da concretiza\u00e7\u00e3o do princ\u00edpio da Justi\u00e7a Fiscal no Pa\u00eds, bandeira desfraldada pelo SINPROFAZ ainda no ano de 2009, tem sido abra\u00e7ada por um p\u00fablico cada vez maior e diversificado, que em raz\u00e3o da campanha tem tido a oportunidade de perceber o Procurador da Fazenda Nacional como verdadeiro protagonista de um movimento nacional de Conscientiza\u00e7\u00e3o Tribut\u00e1ria e dissemina\u00e7\u00e3o da Educa\u00e7\u00e3o Fiscal, valorizando, na mesma medida e com visibilidade in\u00e9dita na hist\u00f3ria da carreira de PFN e do SINPROFAZ, as atividades realizadas pelos Procuradores da Fazenda Nacional.<\/p>\n<p>Para que isso acontecesse, foi desenvolvida uma estrat\u00e9gia de marketing viral baseada no princ\u00edpio da empatia, estabelecendo um tema e uma linguagem identificados com as expectativas da sociedade brasileira no tocante \u00e0 realidade tribut\u00e1ria do pa\u00eds. Essa maneira diferente de provocar os mais variados setores da sociedade a discutir uma necess\u00e1ria reestrutura\u00e7\u00e3o do Sistema Tribut\u00e1rio Nacional e, por esta via, promover a imprescindibilidade do Procurador da Fazenda Nacional nesse contexto, demandou uma adequa\u00e7\u00e3o de discursos, tornando-os mais acess\u00edveis, sem o comprometimento de seu conte\u00fado e seriedade.<a href=\"http:\/\/www.sinprofaz.org.br\/2016\/wp-content\/uploads\/2011\/06\/021.jpg\"><img loading=\"lazy\" decoding=\"async\" class=\"alignright size-thumbnail wp-image-4303\" src=\"http:\/\/www.sinprofaz.org.br\/2016\/wp-content\/uploads\/2011\/06\/021-150x150.jpg\" alt=\"02\" width=\"150\" height=\"150\" \/><\/a><\/p>\n<p>Vale ressaltar, tamb\u00e9m, o car\u00e1ter interativo da campanha, que, desde seu in\u00edcio, possibilitou a participa\u00e7\u00e3o de pessoas e institui\u00e7\u00f5es de todas as regi\u00f5es do Pa\u00eds. Esta abordagem, democr\u00e1tica e apartid\u00e1ria, tem atra\u00eddo a cobertura de importantes ve\u00edculos da imprensa nacional como a R\u00e1dio CBN e o Di\u00e1rio do Com\u00e9rcio de S\u00e3o Paulo, que deram grande destaque \u00e0 iniciativa do SINPROFAZ.<\/p>\n<p>A campanha em quest\u00e3o, que tem como personagens centrais as simp\u00e1ticas \u201cformiguinhas\u201d do SINPROFAZ, chama a aten\u00e7\u00e3o por onde passa, seja nas ruas, nas praias, nos aeroportos e at\u00e9 mesmo no Congresso Nacional. A escolha dessa personagem, representando o trabalhador brasileiro, que trabalha duro de sol a sol para o desenvolvimento do Brasil sendo onerado por uma pesada carga tribut\u00e1ria, revelou-se emblem\u00e1tica, mostrando a relev\u00e2ncia do tema para o dia-a-dia do cidad\u00e3o comum, que, como regra geral, ignora o potencial peso dos tributos em sua vida. Constituindo-se, em \u00faltima an\u00e1lise, num poderoso instrumento de dissemina\u00e7\u00e3o da Educa\u00e7\u00e3o Fiscal no Brasil, a campanha tem conquistado a confian\u00e7a de quem visita o site e as redes sociais do movimento <i>QuantoCustaoBrasilpraVoc\u00ea? <\/i>na internet. Nesse sentido, n\u00e3o \u00e9 demais ressaltar que no link \u201cNot\u00edcias\u201d podem ser encontrados diversos artigos adentrando especificamente o tema da Reforma Tribut\u00e1ria, trazendo dados consistentes a balizar opini\u00f5es e propostas maduras e relevantes para o enfrentamento da quest\u00e3o.<\/p>\n<p>A continuidade da campanha, com a\u00e7\u00f5es de merchandising nas principais capitais do pa\u00eds merece ser debatida pela carreira de Procurador da Fazenda Nacional, levando-se em conta os interesses corporativos do Sindicato e, naturalmente, a otimiza\u00e7\u00e3o dos recursos financeiros da entidade. Novos horizontes devem ser analisados para o desenvolvimento da j\u00e1 vitoriosa campanha, que despertou a aten\u00e7\u00e3o de in\u00fameras institui\u00e7\u00f5es s\u00e9rias Pa\u00eds afora. A realiza\u00e7\u00e3o de parcerias com institui\u00e7\u00f5es da sociedade civil que comunguem dos mesmos princ\u00edpios do SINPROFAZ, como \u00e9 o caso do ETCO, pode ser uma alternativa para amealhar os imprescind\u00edveis recursos para a continuidade da campanha. Seja como for, os n\u00fameros apresentados a seguir d\u00e3o mostras do quanto foi poss\u00edvel alcan\u00e7ar at\u00e9 aqui, em pouco menos de 4 meses, e a um custo inferior ao que se pagaria por apenas um comercial de 30 segundos na faixa nobre da principal emissora de TV do pa\u00eds.<\/p>\n<p><a href=\"http:\/\/www.sinprofaz.org.br\/2016\/wp-content\/uploads\/2011\/06\/031.jpg\"><img loading=\"lazy\" decoding=\"async\" class=\"alignleft size-thumbnail wp-image-4304\" src=\"http:\/\/www.sinprofaz.org.br\/2016\/wp-content\/uploads\/2011\/06\/031-150x150.jpg\" alt=\"03\" width=\"150\" height=\"150\" \/><\/a>Atrav\u00e9s dos in\u00fameros contatos realizados com Parlamentares ao longo da campanha &#8211; como \u00e9 caso do Senador Randolfe Rodrigues (PSOL-AP) e do Deputado Federal Paulo Rubem Santiago (PDT-PE), componentes da Frente Parlamentar Mista por um Sistema Tribut\u00e1rio Nacional Justo &#8211; o SINPROFAZ tem sustentado que a concretiza\u00e7\u00e3o da Justi\u00e7a Fiscal no Pa\u00eds pressup\u00f5e, necessariamente, a realiza\u00e7\u00e3o de uma Reforma Tribut\u00e1ria e o efetivo combate \u00e0 sonega\u00e7\u00e3o fiscal, sendo imprescind\u00edvel, quanto a este \u00faltimo aspecto, o fortalecimento da carreira de PFN, com o estabelecimento de um conjunto de prerrogativas e garantias funcionais que possibilitem o exerc\u00edcio de uma verdadeira Advocacia de Estado, e, al\u00e9m disso, a devida estrutura\u00e7\u00e3o da PGFN. Sob tal enfoque, a campanha tem inegavelmente se prestado \u00e0 inclus\u00e3o da carreira de Procurador da Fazenda Nacional no seio dos debates atinentes \u00e0 Reforma Tribut\u00e1ria e, nessa medida, se revelado poderoso instrumento a conferir, perante a sociedade brasileira e os atores pol\u00edticos, in\u00e9dita visibilidade da import\u00e2ncia estrat\u00e9gica dos PFNs para o Pa\u00eds, catalisando importantes apoios aos pleitos corporativos dos Procuradores da Fazenda Nacional.<\/p>\n<p><b>Site: <\/b><a href=\"http:\/\/www.quantocustaobrasil.com.br\/\">www.quantocustaobrasil.com.br<\/a><\/p>\n<p>Visitas: 35.403<br \/>\nVisualiza\u00e7\u00f5es: 92.885<\/p>\n<p><b>Facebook: <\/b><a href=\"http:\/\/www.facebook.com\/quantocustaobrasil\">www.facebook.com\/quantocustaobrasil<\/a><\/p>\n<p>Este tem sido o principal canal de comunica\u00e7\u00e3o da campanha \u2013 Os acessos e visualiza\u00e7\u00f5es continuam crescentes, mesmo quando n\u00e3o h\u00e1 a\u00e7\u00f5es de <i>merchandising <\/i>em curso.<\/p>\n<p>Curtir: 1.535<br \/>\nVisualiza\u00e7\u00f5es: 275.625<\/p>\n<p><a href=\"http:\/\/www.sinprofaz.org.br\/2016\/wp-content\/uploads\/2011\/06\/041.jpg\"><img loading=\"lazy\" decoding=\"async\" class=\"aligncenter wp-image-4305 size-medium\" src=\"http:\/\/www.sinprofaz.org.br\/2016\/wp-content\/uploads\/2011\/06\/041-300x164.jpg\" alt=\"04\" width=\"300\" height=\"164\" srcset=\"https:\/\/sinprofaz.org.br\/2024\/wp-content\/uploads\/2011\/06\/041-300x164.jpg 300w, https:\/\/sinprofaz.org.br\/2024\/wp-content\/uploads\/2011\/06\/041-315x172.jpg 315w, https:\/\/sinprofaz.org.br\/2024\/wp-content\/uploads\/2011\/06\/041-218x119.jpg 218w, https:\/\/sinprofaz.org.br\/2024\/wp-content\/uploads\/2011\/06\/041.jpg 565w\" sizes=\"(max-width: 300px) 100vw, 300px\" \/><\/a><\/p>\n<p>&nbsp;<\/p>\n<p><b>Twitter: <\/b><a href=\"http:\/\/www.twitter.com\/quantocustaobr\">www.twitter.com\/quantocustaobr<\/a><\/p>\n<p>Seguidores: 682 \u2013 O Twitter n\u00e3o disponibiliza dados sobre as visualiza\u00e7\u00f5es, mas \u00e9 correto estimar um n\u00famero superior ao do pr\u00f3prio site, na casa dos 100 mil.<\/p>\n<p>&nbsp;<\/p>\n<p><b>YouTube: <\/b><a href=\"http:\/\/www.youtube.com\/quantocustaobr\">www.youtube.com\/quantocustaobr<\/a><\/p>\n<p>Exibi\u00e7\u00f5es do canal: 2.492<br \/>\nTotal de exibi\u00e7\u00f5es de v\u00eddeos: 8.388<\/p>\n<p><b>Busca no Google<\/b><\/p>\n<p>No come\u00e7o da campanha, a busca do termo \u201cquanto custa\u201d no Google n\u00e3o sugeria nenhuma palavra-chave e nem apresentava o site da Campanha nas primeiras p\u00e1ginas de resultados. Atualmente, digitando somente \u201cquanto c\u201d no buscador, ele sugere o termo \u201cquanto custa o Brasil\u201d na pesquisa.<\/p>\n<p>Buscando-se os termos \u201cquanto custa\u201d somente, a campanha \u00e9 a 2\u00aa na lista de resultados encontrados.<\/p>\n<p><b>Apoio da m\u00eddia <\/b><\/p>\n<p><i>R\u00e1dio CBN \u2013 Nacional: <\/i>Entrevista na CBN Bras\u00edlia e cita\u00e7\u00f5es do site por Carlos Alberto Sardenberg na CBN Brasil t\u00eam gerado picos de acessos ao site e \u00e0s redes sociais durante diversas a\u00e7\u00f5es da campanha.<\/p>\n<p><i><a href=\"http:\/\/www.sinprofaz.org.br\/2016\/wp-content\/uploads\/2011\/06\/05.jpg\"><img loading=\"lazy\" decoding=\"async\" class=\"alignleft size-thumbnail wp-image-4306\" src=\"http:\/\/www.sinprofaz.org.br\/2016\/wp-content\/uploads\/2011\/06\/05-150x150.jpg\" alt=\"05\" width=\"150\" height=\"150\" \/><\/a>Di\u00e1rio do Com\u00e9rcio de S\u00e3o Paulo: <\/i>A Campanha foi mat\u00e9ria de capa do Di\u00e1rio do Com\u00e9rcio no dia 27\/04. Veja a mat\u00e9ria completa: <a href=\"http:\/\/www.dcomercio.com.br\/materia.aspx?id=67521&amp;canal=22\">http:\/\/www.dcomercio.com.br\/materia.aspx?id=67521&amp;canal=22<\/a><\/p>\n<p style=\"clear: both;\"><b><br \/>\nCita\u00e7\u00f5es em blogs e sites <\/b><\/p>\n<p>A campanha <i>QuantoCustaoBrasilpraVoc\u00ea? <\/i>foi citada por mais de 4.000 sites e blogs. Veja alguns:<\/p>\n<p><a href=\"http:\/\/www.diap.org.br\/index.php\/noticias\/agencia-diap\/16244-quanto-custa-o-brasil-pra-voce-sindicato-lanca-campanha-justica-fiscal\">http:\/\/www.diap.org.br\/index.php\/noticias\/agencia-diap\/16244-quanto-custa-o-brasil-pra-voce-sindicato-lanca-campanha-justica-fiscal<\/a><br \/>\n<a href=\"http:\/\/www.meupalco.com.br\/2011\/03\/quanto-custa-o-brasil-pra-voce.html\">http:\/\/www.meupalco.com.br\/2011\/03\/quanto-custa-o-brasil-pra-voce.html<\/a><br \/>\n<a href=\"http:\/\/www.dihitt.com.br\/n\/opiniao-e-noticias\/2011\/05\/08\/reforma-tributaria--quanto-custa-o-brasil-pra-voce\">http:\/\/www.dihitt.com.br\/n\/opiniao-e-noticias\/2011\/05\/08\/reforma-tributaria&#8211;quanto-custa-o-brasil-pra-voce<\/a><br \/>\n<a href=\"http:\/\/rodineicandeia.blogspot.com\/2011\/03\/quanto-custa-o-brasil-pra-voce.html\">http:\/\/rodineicandeia.blogspot.com\/2011\/03\/quanto-custa-o-brasil-pra-voce.html<\/a><br \/>\n<a href=\"http:\/\/brito.blog.incolume.com.br\/2011\/03\/quanto-custa-o-brasil-pra-voce.html\">http:\/\/brito.blog.incolume.com.br\/2011\/03\/quanto-custa-o-brasil-pra-voce.html<\/a><br \/>\n<a href=\"http:\/\/temperonovo.wordpress.com\/2011\/04\/25\/quanto-custa-o-brasil-pra-voce\/\">http:\/\/temperonovo.wordpress.com\/2011\/04\/25\/quanto-custa-o-brasil-pra-voce\/<\/a><br \/>\n<a href=\"http:\/\/nicepinheiro.blogspot.com\/2011\/04\/quanto-custa-o-brasil-pra-voce.html\">http:\/\/nicepinheiro.blogspot.com\/2011\/04\/quanto-custa-o-brasil-pra-voce.html<\/a><br \/>\n<a href=\"http:\/\/www.jusbrasil.com.br\/noticias\/2601475\/quanto-custa-o-brasil-pra-voce-sindicato-lanca-campanha-justica-fiscal\">http:\/\/www.jusbrasil.com.br\/noticias\/2601475\/quanto-custa-o-brasil-pra-voce-sindicato-lanca-campanha-justica-fiscal<\/a><br \/>\n<a href=\"http:\/\/www.avozdocidadao.com.br\/detailEditorial.asp?ID=1247&amp;SM=1%2329&amp;pagina\">http:\/\/www.avozdocidadao.com.br\/detailEditorial.asp?ID=1247&amp;SM=1%2329&amp;pagina<\/a><br \/>\n<a href=\"http:\/\/www.santamaria.rs.gov.br\/educacaofiscal\/index.php?secao=noticias&amp;id=20518&amp;arq_db=1\">http:\/\/www.santamaria.rs.gov.br\/educacaofiscal\/index.php?secao=noticias&amp;id=20518&amp;arq_db=1<\/a><br \/>\n<a href=\"http:\/\/sabervencer.blogspot.com\/2011\/05\/quanto-custa-o-brasil-pra-voce.html\">http:\/\/sabervencer.blogspot.com\/2011\/05\/quanto-custa-o-brasil-pra-voce.html<\/a><br \/>\n<a href=\"http:\/\/www.fiepr.org.br\/sombradoimposto\/News14468content130024.shtml\">http:\/\/www.fiepr.org.br\/sombradoimposto\/News14468content130024.shtml<\/a><\/p>\n","protected":false},"excerpt":{"rendered":"<p>Desde seu lan\u00e7amento, em 14 de mar\u00e7o, a Campanha Nacional da Justi\u00e7a Fiscal 2011, &#8220;Quanto Custa o Brasil pra Voc\u00ea?&#8221;, apresenta indicadores crescentes de sua capacidade mobilizadora.<\/p>\n","protected":false},"author":1,"featured_media":4302,"comment_status":"closed","ping_status":"open","sticky":false,"template":"","format":"standard","meta":{"footnotes":""},"categories":[8],"tags":[],"featured_image_url":"https:\/\/sinprofaz.org.br\/2024\/wp-content\/uploads\/2011\/06\/019.jpg","character_count":4092,"formatted_date":"15\/06\/2011 - 12:53","contentNovo":"<strong>PFNs s\u00e3o protagonistas de um Movimento Nacional de Conscientiza\u00e7\u00e3o Tribut\u00e1ria<\/strong>\r\n\r\nDesde seu lan\u00e7amento, em 14 de mar\u00e7o, a Campanha Nacional da Justi\u00e7a Fiscal 2011 apresenta indicadores crescentes de sua capacidade mobilizadora. O desafio de ampliar a discuss\u00e3o da inclus\u00e3o do Procurador da Fazenda Nacional em temas complexos como a Reforma Tribut\u00e1ria e o combate \u00e0 sonega\u00e7\u00e3o fiscal - para al\u00e9m de c\u00edrculos acad\u00eamicos, sindicais e pol\u00edticos - foi superado com louvor, utilizando-se o m\u00ednimo de recursos, mas com doses significativas de ousadia e criatividade. Desde ent\u00e3o, a causa da concretiza\u00e7\u00e3o do princ\u00edpio da Justi\u00e7a Fiscal no Pa\u00eds, bandeira desfraldada pelo SINPROFAZ ainda no ano de 2009, tem sido abra\u00e7ada por um p\u00fablico cada vez maior e diversificado, que em raz\u00e3o da campanha tem tido a oportunidade de perceber o Procurador da Fazenda Nacional como verdadeiro protagonista de um movimento nacional de Conscientiza\u00e7\u00e3o Tribut\u00e1ria e dissemina\u00e7\u00e3o da Educa\u00e7\u00e3o Fiscal, valorizando, na mesma medida e com visibilidade in\u00e9dita na hist\u00f3ria da carreira de PFN e do SINPROFAZ, as atividades realizadas pelos Procuradores da Fazenda Nacional.\r\n\r\nPara que isso acontecesse, foi desenvolvida uma estrat\u00e9gia de marketing viral baseada no princ\u00edpio da empatia, estabelecendo um tema e uma linguagem identificados com as expectativas da sociedade brasileira no tocante \u00e0 realidade tribut\u00e1ria do pa\u00eds. Essa maneira diferente de provocar os mais variados setores da sociedade a discutir uma necess\u00e1ria reestrutura\u00e7\u00e3o do Sistema Tribut\u00e1rio Nacional e, por esta via, promover a imprescindibilidade do Procurador da Fazenda Nacional nesse contexto, demandou uma adequa\u00e7\u00e3o de discursos, tornando-os mais acess\u00edveis, sem o comprometimento de seu conte\u00fado e seriedade.<a href=\"http:\/\/www.sinprofaz.org.br\/2016\/wp-content\/uploads\/2011\/06\/021.jpg\"><\/a>\r\n\r\nVale ressaltar, tamb\u00e9m, o car\u00e1ter interativo da campanha, que, desde seu in\u00edcio, possibilitou a participa\u00e7\u00e3o de pessoas e institui\u00e7\u00f5es de todas as regi\u00f5es do Pa\u00eds. Esta abordagem, democr\u00e1tica e apartid\u00e1ria, tem atra\u00eddo a cobertura de importantes ve\u00edculos da imprensa nacional como a R\u00e1dio CBN e o Di\u00e1rio do Com\u00e9rcio de S\u00e3o Paulo, que deram grande destaque \u00e0 iniciativa do SINPROFAZ.\r\n\r\nA campanha em quest\u00e3o, que tem como personagens centrais as simp\u00e1ticas \u201cformiguinhas\u201d do SINPROFAZ, chama a aten\u00e7\u00e3o por onde passa, seja nas ruas, nas praias, nos aeroportos e at\u00e9 mesmo no Congresso Nacional. A escolha dessa personagem, representando o trabalhador brasileiro, que trabalha duro de sol a sol para o desenvolvimento do Brasil sendo onerado por uma pesada carga tribut\u00e1ria, revelou-se emblem\u00e1tica, mostrando a relev\u00e2ncia do tema para o dia-a-dia do cidad\u00e3o comum, que, como regra geral, ignora o potencial peso dos tributos em sua vida. Constituindo-se, em \u00faltima an\u00e1lise, num poderoso instrumento de dissemina\u00e7\u00e3o da Educa\u00e7\u00e3o Fiscal no Brasil, a campanha tem conquistado a confian\u00e7a de quem visita o site e as redes sociais do movimento QuantoCustaoBrasilpraVoc\u00ea? na internet. Nesse sentido, n\u00e3o \u00e9 demais ressaltar que no link \u201cNot\u00edcias\u201d podem ser encontrados diversos artigos adentrando especificamente o tema da Reforma Tribut\u00e1ria, trazendo dados consistentes a balizar opini\u00f5es e propostas maduras e relevantes para o enfrentamento da quest\u00e3o.\r\n\r\nA continuidade da campanha, com a\u00e7\u00f5es de merchandising nas principais capitais do pa\u00eds merece ser debatida pela carreira de Procurador da Fazenda Nacional, levando-se em conta os interesses corporativos do Sindicato e, naturalmente, a otimiza\u00e7\u00e3o dos recursos financeiros da entidade. Novos horizontes devem ser analisados para o desenvolvimento da j\u00e1 vitoriosa campanha, que despertou a aten\u00e7\u00e3o de in\u00fameras institui\u00e7\u00f5es s\u00e9rias Pa\u00eds afora. A realiza\u00e7\u00e3o de parcerias com institui\u00e7\u00f5es da sociedade civil que comunguem dos mesmos princ\u00edpios do SINPROFAZ, como \u00e9 o caso do ETCO, pode ser uma alternativa para amealhar os imprescind\u00edveis recursos para a continuidade da campanha. Seja como for, os n\u00fameros apresentados a seguir d\u00e3o mostras do quanto foi poss\u00edvel alcan\u00e7ar at\u00e9 aqui, em pouco menos de 4 meses, e a um custo inferior ao que se pagaria por apenas um comercial de 30 segundos na faixa nobre da principal emissora de TV do pa\u00eds.\r\n\r\n<a href=\"http:\/\/www.sinprofaz.org.br\/2016\/wp-content\/uploads\/2011\/06\/031.jpg\"><\/a>Atrav\u00e9s dos in\u00fameros contatos realizados com Parlamentares ao longo da campanha - como \u00e9 caso do Senador Randolfe Rodrigues (PSOL-AP) e do Deputado Federal Paulo Rubem Santiago (PDT-PE), componentes da Frente Parlamentar Mista por um Sistema Tribut\u00e1rio Nacional Justo - o SINPROFAZ tem sustentado que a concretiza\u00e7\u00e3o da Justi\u00e7a Fiscal no Pa\u00eds pressup\u00f5e, necessariamente, a realiza\u00e7\u00e3o de uma Reforma Tribut\u00e1ria e o efetivo combate \u00e0 sonega\u00e7\u00e3o fiscal, sendo imprescind\u00edvel, quanto a este \u00faltimo aspecto, o fortalecimento da carreira de PFN, com o estabelecimento de um conjunto de prerrogativas e garantias funcionais que possibilitem o exerc\u00edcio de uma verdadeira Advocacia de Estado, e, al\u00e9m disso, a devida estrutura\u00e7\u00e3o da PGFN. Sob tal enfoque, a campanha tem inegavelmente se prestado \u00e0 inclus\u00e3o da carreira de Procurador da Fazenda Nacional no seio dos debates atinentes \u00e0 Reforma Tribut\u00e1ria e, nessa medida, se revelado poderoso instrumento a conferir, perante a sociedade brasileira e os atores pol\u00edticos, in\u00e9dita visibilidade da import\u00e2ncia estrat\u00e9gica dos PFNs para o Pa\u00eds, catalisando importantes apoios aos pleitos corporativos dos Procuradores da Fazenda Nacional.\r\n\r\nSite: <a href=\"http:\/\/www.quantocustaobrasil.com.br\/\">www.quantocustaobrasil.com.br<\/a>\r\n\r\nVisitas: 35.403\r\nVisualiza\u00e7\u00f5es: 92.885\r\n\r\nFacebook: <a href=\"http:\/\/www.facebook.com\/quantocustaobrasil\">www.facebook.com\/quantocustaobrasil<\/a>\r\n\r\nEste tem sido o principal canal de comunica\u00e7\u00e3o da campanha \u2013 Os acessos e visualiza\u00e7\u00f5es continuam crescentes, mesmo quando n\u00e3o h\u00e1 a\u00e7\u00f5es de merchandising em curso.\r\n\r\nCurtir: 1.535\r\nVisualiza\u00e7\u00f5es: 275.625\r\n\r\n<a href=\"http:\/\/www.sinprofaz.org.br\/2016\/wp-content\/uploads\/2011\/06\/041.jpg\"><\/a>\r\n\r\n&nbsp;\r\n\r\nTwitter: <a href=\"http:\/\/www.twitter.com\/quantocustaobr\">www.twitter.com\/quantocustaobr<\/a>\r\n\r\nSeguidores: 682 \u2013 O Twitter n\u00e3o disponibiliza dados sobre as visualiza\u00e7\u00f5es, mas \u00e9 correto estimar um n\u00famero superior ao do pr\u00f3prio site, na casa dos 100 mil.\r\n\r\n&nbsp;\r\n\r\nYouTube: <a href=\"http:\/\/www.youtube.com\/quantocustaobr\">www.youtube.com\/quantocustaobr<\/a>\r\n\r\nExibi\u00e7\u00f5es do canal: 2.492\r\nTotal de exibi\u00e7\u00f5es de v\u00eddeos: 8.388\r\n\r\nBusca no Google\r\n\r\nNo come\u00e7o da campanha, a busca do termo \u201cquanto custa\u201d no Google n\u00e3o sugeria nenhuma palavra-chave e nem apresentava o site da Campanha nas primeiras p\u00e1ginas de resultados. Atualmente, digitando somente \u201cquanto c\u201d no buscador, ele sugere o termo \u201cquanto custa o Brasil\u201d na pesquisa.\r\n\r\nBuscando-se os termos \u201cquanto custa\u201d somente, a campanha \u00e9 a 2\u00aa na lista de resultados encontrados.\r\n\r\nApoio da m\u00eddia \r\n\r\nR\u00e1dio CBN \u2013 Nacional: Entrevista na CBN Bras\u00edlia e cita\u00e7\u00f5es do site por Carlos Alberto Sardenberg na CBN Brasil t\u00eam gerado picos de acessos ao site e \u00e0s redes sociais durante diversas a\u00e7\u00f5es da campanha.\r\n\r\n<a href=\"http:\/\/www.sinprofaz.org.br\/2016\/wp-content\/uploads\/2011\/06\/05.jpg\"><\/a>Di\u00e1rio do Com\u00e9rcio de S\u00e3o Paulo: A Campanha foi mat\u00e9ria de capa do Di\u00e1rio do Com\u00e9rcio no dia 27\/04. Veja a mat\u00e9ria completa: <a href=\"http:\/\/www.dcomercio.com.br\/materia.aspx?id=67521&amp;canal=22\">http:\/\/www.dcomercio.com.br\/materia.aspx?id=67521&amp;canal=22<\/a>\r\n<p style=\"clear: both;\">\r\nCita\u00e7\u00f5es em blogs e sites <\/p>\r\nA campanha QuantoCustaoBrasilpraVoc\u00ea? foi citada por mais de 4.000 sites e blogs. Veja alguns:\r\n\r\n<a href=\"http:\/\/www.diap.org.br\/index.php\/noticias\/agencia-diap\/16244-quanto-custa-o-brasil-pra-voce-sindicato-lanca-campanha-justica-fiscal\">http:\/\/www.diap.org.br\/index.php\/noticias\/agencia-diap\/16244-quanto-custa-o-brasil-pra-voce-sindicato-lanca-campanha-justica-fiscal<\/a>\r\n<a href=\"http:\/\/www.meupalco.com.br\/2011\/03\/quanto-custa-o-brasil-pra-voce.html\">http:\/\/www.meupalco.com.br\/2011\/03\/quanto-custa-o-brasil-pra-voce.html<\/a>\r\n<a href=\"http:\/\/www.dihitt.com.br\/n\/opiniao-e-noticias\/2011\/05\/08\/reforma-tributaria--quanto-custa-o-brasil-pra-voce\">http:\/\/www.dihitt.com.br\/n\/opiniao-e-noticias\/2011\/05\/08\/reforma-tributaria--quanto-custa-o-brasil-pra-voce<\/a>\r\n<a href=\"http:\/\/rodineicandeia.blogspot.com\/2011\/03\/quanto-custa-o-brasil-pra-voce.html\">http:\/\/rodineicandeia.blogspot.com\/2011\/03\/quanto-custa-o-brasil-pra-voce.html<\/a>\r\n<a href=\"http:\/\/brito.blog.incolume.com.br\/2011\/03\/quanto-custa-o-brasil-pra-voce.html\">http:\/\/brito.blog.incolume.com.br\/2011\/03\/quanto-custa-o-brasil-pra-voce.html<\/a>\r\n<a href=\"http:\/\/temperonovo.wordpress.com\/2011\/04\/25\/quanto-custa-o-brasil-pra-voce\/\">http:\/\/temperonovo.wordpress.com\/2011\/04\/25\/quanto-custa-o-brasil-pra-voce\/<\/a>\r\n<a href=\"http:\/\/nicepinheiro.blogspot.com\/2011\/04\/quanto-custa-o-brasil-pra-voce.html\">http:\/\/nicepinheiro.blogspot.com\/2011\/04\/quanto-custa-o-brasil-pra-voce.html<\/a>\r\n<a href=\"http:\/\/www.jusbrasil.com.br\/noticias\/2601475\/quanto-custa-o-brasil-pra-voce-sindicato-lanca-campanha-justica-fiscal\">http:\/\/www.jusbrasil.com.br\/noticias\/2601475\/quanto-custa-o-brasil-pra-voce-sindicato-lanca-campanha-justica-fiscal<\/a>\r\n<a href=\"http:\/\/www.avozdocidadao.com.br\/detailEditorial.asp?ID=1247&amp;SM=1%2329&amp;pagina\">http:\/\/www.avozdocidadao.com.br\/detailEditorial.asp?ID=1247&amp;SM=1%2329&amp;pagina<\/a>\r\n<a href=\"http:\/\/www.santamaria.rs.gov.br\/educacaofiscal\/index.php?secao=noticias&amp;id=20518&amp;arq_db=1\">http:\/\/www.santamaria.rs.gov.br\/educacaofiscal\/index.php?secao=noticias&amp;id=20518&amp;arq_db=1<\/a>\r\n<a href=\"http:\/\/sabervencer.blogspot.com\/2011\/05\/quanto-custa-o-brasil-pra-voce.html\">http:\/\/sabervencer.blogspot.com\/2011\/05\/quanto-custa-o-brasil-pra-voce.html<\/a>\r\n<a href=\"http:\/\/www.fiepr.org.br\/sombradoimposto\/News14468content130024.shtml\">http:\/\/www.fiepr.org.br\/sombradoimposto\/News14468content130024.shtml<\/a>","_links":{"self":[{"href":"https:\/\/sinprofaz.org.br\/2024\/wp-json\/wp\/v2\/posts\/213"}],"collection":[{"href":"https:\/\/sinprofaz.org.br\/2024\/wp-json\/wp\/v2\/posts"}],"about":[{"href":"https:\/\/sinprofaz.org.br\/2024\/wp-json\/wp\/v2\/types\/post"}],"author":[{"embeddable":true,"href":"https:\/\/sinprofaz.org.br\/2024\/wp-json\/wp\/v2\/users\/1"}],"replies":[{"embeddable":true,"href":"https:\/\/sinprofaz.org.br\/2024\/wp-json\/wp\/v2\/comments?post=213"}],"version-history":[{"count":2,"href":"https:\/\/sinprofaz.org.br\/2024\/wp-json\/wp\/v2\/posts\/213\/revisions"}],"predecessor-version":[{"id":4307,"href":"https:\/\/sinprofaz.org.br\/2024\/wp-json\/wp\/v2\/posts\/213\/revisions\/4307"}],"wp:featuredmedia":[{"embeddable":true,"href":"https:\/\/sinprofaz.org.br\/2024\/wp-json\/wp\/v2\/media\/4302"}],"wp:attachment":[{"href":"https:\/\/sinprofaz.org.br\/2024\/wp-json\/wp\/v2\/media?parent=213"}],"wp:term":[{"taxonomy":"category","embeddable":true,"href":"https:\/\/sinprofaz.org.br\/2024\/wp-json\/wp\/v2\/categories?post=213"},{"taxonomy":"post_tag","embeddable":true,"href":"https:\/\/sinprofaz.org.br\/2024\/wp-json\/wp\/v2\/tags?post=213"}],"curies":[{"name":"wp","href":"https:\/\/api.w.org\/{rel}","templated":true}]}}