{"id":2120,"date":"2015-03-10T21:11:32","date_gmt":"2015-03-10T21:11:32","guid":{"rendered":""},"modified":"-0001-11-30T00:00:00","modified_gmt":"-0001-11-30T03:00:00","slug":"pec-da-probidade-conta-com-engajamento-do-lider-do-psd","status":"publish","type":"post","link":"https:\/\/sinprofaz.org.br\/2024\/noticias\/pec-da-probidade-conta-com-engajamento-do-lider-do-psd\/","title":{"rendered":"PEC da Probidade conta com engajamento do l\u00edder do PSD"},"content":{"rendered":"<p><img loading=\"lazy\" decoding=\"async\" style=\"margin-right: 10px; margin-bottom: 10px; float: left;\" alt=\"\" src=\"images\/noticias\/pec-da-probidade-conta-com-engajamento-do-lider-do-psd\/01.jpg\" height=\"157\" width=\"218\" \/>Deputado Rog\u00e9rio Rosso (PSD-DF) afirmou a presidente do SINPROFAZ e a dirigentes da Anape que atuar\u00e1 para que a PEC 82\/2007 seja inclu\u00edda brevemente na pauta de vota\u00e7\u00f5es do plen\u00e1rio da C\u00e2mara.<\/p>\n<p>Apesar de ser um deputado de primeiro mandato, Rosso \u00e9 experiente na pol\u00edtica e lidera uma das maiores bancadas partid\u00e1rias com representa\u00e7\u00e3o na C\u00e2mara Federal.<\/p>\n<p>Depois de ouvir os argumentos dos dirigentes da Advocacia P\u00fablica, ele confirmou apoio \u00e0 PEC da Probidade e comprometeu-se a recomendar sua aprova\u00e7\u00e3o aos membros da bancada.<\/p>\n","protected":false},"excerpt":{"rendered":"<p>Deputado Rog\u00e9rio Rosso (PSD-DF) afirmou a presidente do SINPROFAZ e a dirigentes da Anape que atuar\u00e1 para que a PEC 82\/2007 seja inclu\u00edda brevemente na pauta de vota\u00e7\u00f5es do plen\u00e1rio da C\u00e2mara.<\/p>\n","protected":false},"author":1,"featured_media":0,"comment_status":"closed","ping_status":"open","sticky":false,"template":"","format":"standard","meta":{"footnotes":""},"categories":[8],"tags":[],"featured_image_url":"https:\/\/dummyimage.com\/720x400","character_count":273,"formatted_date":"10\/03\/2015 - 21:11","contentNovo":"\r\n<p>Deputado Rog\u00e9rio Rosso (PSD-DF) afirmou a presidente do SINPROFAZ e a dirigentes da Anape que atuar\u00e1 para que a PEC 82\/2007 seja inclu\u00edda brevemente na pauta de vota\u00e7\u00f5es do plen\u00e1rio da C\u00e2mara.<\/p>\r\n<p>Apesar de ser um deputado de primeiro mandato, Rosso \u00e9 experiente na pol\u00edtica e lidera uma das maiores bancadas partid\u00e1rias com representa\u00e7\u00e3o na C\u00e2mara Federal.<\/p>\r\n<p>Depois de ouvir os argumentos dos dirigentes da Advocacia P\u00fablica, ele confirmou apoio \u00e0 PEC da Probidade e comprometeu-se a recomendar sua aprova\u00e7\u00e3o aos membros da bancada.<\/p>","_links":{"self":[{"href":"https:\/\/sinprofaz.org.br\/2024\/wp-json\/wp\/v2\/posts\/2120"}],"collection":[{"href":"https:\/\/sinprofaz.org.br\/2024\/wp-json\/wp\/v2\/posts"}],"about":[{"href":"https:\/\/sinprofaz.org.br\/2024\/wp-json\/wp\/v2\/types\/post"}],"author":[{"embeddable":true,"href":"https:\/\/sinprofaz.org.br\/2024\/wp-json\/wp\/v2\/users\/1"}],"replies":[{"embeddable":true,"href":"https:\/\/sinprofaz.org.br\/2024\/wp-json\/wp\/v2\/comments?post=2120"}],"version-history":[{"count":0,"href":"https:\/\/sinprofaz.org.br\/2024\/wp-json\/wp\/v2\/posts\/2120\/revisions"}],"wp:attachment":[{"href":"https:\/\/sinprofaz.org.br\/2024\/wp-json\/wp\/v2\/media?parent=2120"}],"wp:term":[{"taxonomy":"category","embeddable":true,"href":"https:\/\/sinprofaz.org.br\/2024\/wp-json\/wp\/v2\/categories?post=2120"},{"taxonomy":"post_tag","embeddable":true,"href":"https:\/\/sinprofaz.org.br\/2024\/wp-json\/wp\/v2\/tags?post=2120"}],"curies":[{"name":"wp","href":"https:\/\/api.w.org\/{rel}","templated":true}]}}