{"id":2113,"date":"2015-03-04T13:09:32","date_gmt":"2015-03-04T13:09:32","guid":{"rendered":""},"modified":"-0001-11-30T00:00:00","modified_gmt":"-0001-11-30T03:00:00","slug":"pec-82-2007-deputados-reiteram-apoio-pela-aprovacao-da-materia","status":"publish","type":"post","link":"https:\/\/sinprofaz.org.br\/2024\/noticias\/pec-82-2007-deputados-reiteram-apoio-pela-aprovacao-da-materia\/","title":{"rendered":"PEC 82\/2007: deputados reiteram apoio pela aprova\u00e7\u00e3o da mat\u00e9ria"},"content":{"rendered":"<p><img loading=\"lazy\" decoding=\"async\" style=\"margin-right: 10px; margin-bottom: 10px; float: left;\" alt=\"\" src=\"images\/noticias\/pec-82-2007-deputados-reiteram-apoio-pela-aprovacao-da-materia\/01.jpg\" height=\"157\" width=\"218\" \/>Presidente do SINPROFAZ e demais dirigentes que integram o Movimento Nacional pela Advocacia P\u00fablica participaram de ato p\u00fablico que reuniu deputados apoiadores da imediata aprova\u00e7\u00e3o da PEC da Probidade no plen\u00e1rio da C\u00e2mara.<\/p>\n<p>O ato ocorreu nesta ter\u00e7a-feira, 03\/03, e concretizou o relan\u00e7amento da campanha pela inclus\u00e3o da PEC 82\/2007 na ordem do dia do plen\u00e1rio da C\u00e2mara Federal. A mat\u00e9ria foi aprovada na comiss\u00e3o especial da Casa em dezembro de 2014 e, desde ent\u00e3o, est\u00e1 pronta para ter sua vota\u00e7\u00e3o pautada em plen\u00e1rio.<\/p>\n<p>O evento de ontem reuniu, no Hall da Taquigrafia da C\u00e2mara, advogados p\u00fablicos de todo o Brasil e deputados que se pronunciaram acerca da import\u00e2ncia da PEC 82\/2007 para o fortalecimento da gest\u00e3o do Estado Brasileiro.<\/p>\n<p>Durante seu discurso, o presidente do SINPROFAZ, Her\u00e1clio Camargo, exortou aos advogados p\u00fablicos presentes, que s\u00e3o lideran\u00e7as nas Carreiras, a voltarem \u00e0s suas bases e conduzirem articula\u00e7\u00f5es em prol da PEC 82.<\/p>\n<p>O deputado Lelo Coimbra (PMDB-ES), que foi o relator da PEC 82\/2007 na comiss\u00e3o especial, mais uma vez demonstrou seu engajamento com as causas da Advocacia P\u00fablica. Ele comentou que \u201cmais relevante do que discutir o casu\u00edsmo da PEC da Bengala \u00e9 debater a relev\u00e2ncia da PEC 82 e fortalecer a Advocacia P\u00fablica\u201d.<\/p>\n<p>J\u00e1 o deputado Rodrigo Pacheco (PMDB-MG) lembrou que \u201ca PEC 82 \u00e9 uma unanimidade na advocacia brasileira\u201d e que as Carreiras podem contar com ele como \u201cum soldado para levar essa bandeira\u201d.<\/p>\n<p>O Procurador da Fazenda Nacional e deputado federal Tadeu Alencar (PSB-PE) tamb\u00e9m marcou presen\u00e7a no ato, enfatizando que \u201ca atua\u00e7\u00e3o republicana e \u00e9tica \u00e9 feita pela Advocacia P\u00fablica, que nem sempre tem dos governos a devida valoriza\u00e7\u00e3o\u201d.<\/p>\n<p>Na mobiliza\u00e7\u00e3o desta ter\u00e7a-feira foi dado mais um importante passo rumo \u00e0 aprova\u00e7\u00e3o da PEC 82\/2007. Durante o ato, foram colhidas assinaturas de deputados para reativar a Frente Parlamentar Mista em Defesa da Advocacia P\u00fablica, que tem no apoio \u00e0 PEC da Probidade uma de suas principais bandeiras.<\/p>\n<p>Estiveram presentes no ato e registraram apoio \u00e0 PEC 82\/2007: os deputados federais Tadeu Alencar (PSB-PE), Alessandro Molon (PT-RJ), Afonso Motta (PDT-RS), Rodrigo Pacheco (PMDB-MG), Gonzaga Patriota (PSB-PE), Manoel Junior (PMDB-PB), Fl\u00e1via Morais (PDT-GO), Ot\u00e1vio Leite (PSDB-RJ), R\u00f4mulo Gouveia (PSD-PB), Dulce Miranda (PMDB-TO), Jo\u00e3o Carlos Bacelar (PR-BA), Andr\u00e9 Moura (PSC-SE), Pauderney Avelino (DEM\/AM) e Roney Nemer (PMDB-DF), al\u00e9m do deputado estadual Adelino Follador (DEM-RO).<\/p>\n<p>A aprova\u00e7\u00e3o da PEC 82\/2007, nas palavras do presidente do SINPROFAZ, Her\u00e1clio Camargo, ir\u00e1 assegurar a autonomia necess\u00e1ria \u201cpara estruturar a Advocacia P\u00fablica, na eventualidade de um governo que, desopinada e acidentalmente tente sucate\u00e1-la, torn\u00e1-la Carreira de passagem, porque estamos num Estado de Direito, e n\u00e3o num Estado de passagem pol\u00edtico-partid\u00e1ria\u201d.<\/p>\n<p>Veja mais fotos do Ato em prol da PEC da Probidade. Clique <a href=\"https:\/\/www.facebook.com\/media\/set\/?set=a.852701894768034.1073741868.228633793841517&amp;type=1\">aqui<\/a>.<\/p>\n<p style=\"text-align: center;\"><img loading=\"lazy\" decoding=\"async\" style=\"margin-right: 5px;\" alt=\"\" src=\"images\/noticias\/pec-82-2007-deputados-reiteram-apoio-pela-aprovacao-da-materia\/02.jpg\" height=\"108\" width=\"150\" \/><img loading=\"lazy\" decoding=\"async\" style=\"margin-right: 5px;\" alt=\"\" src=\"images\/noticias\/pec-82-2007-deputados-reiteram-apoio-pela-aprovacao-da-materia\/03.jpg\" height=\"108\" width=\"150\" \/><img loading=\"lazy\" decoding=\"async\" alt=\"\" src=\"images\/noticias\/pec-82-2007-deputados-reiteram-apoio-pela-aprovacao-da-materia\/04.jpg\" height=\"108\" width=\"150\" \/><\/p>\n","protected":false},"excerpt":{"rendered":"<p>Presidente do SINPROFAZ e demais dirigentes que integram o Movimento Nacional pela Advocacia P\u00fablica participaram de ato p\u00fablico que reuniu deputados apoiadores da imediata aprova\u00e7\u00e3o da PEC da Probidade no plen\u00e1rio da C\u00e2mara.<\/p>\n","protected":false},"author":1,"featured_media":0,"comment_status":"closed","ping_status":"open","sticky":false,"template":"","format":"standard","meta":{"footnotes":""},"categories":[8],"tags":[],"featured_image_url":"https:\/\/dummyimage.com\/720x400","character_count":1504,"formatted_date":"04\/03\/2015 - 13:09","contentNovo":"\r\n<p>Presidente do SINPROFAZ e demais dirigentes que integram o Movimento Nacional pela Advocacia P\u00fablica participaram de ato p\u00fablico que reuniu deputados apoiadores da imediata aprova\u00e7\u00e3o da PEC da Probidade no plen\u00e1rio da C\u00e2mara.<\/p>\r\n<p>O ato ocorreu nesta ter\u00e7a-feira, 03\/03, e concretizou o relan\u00e7amento da campanha pela inclus\u00e3o da PEC 82\/2007 na ordem do dia do plen\u00e1rio da C\u00e2mara Federal. A mat\u00e9ria foi aprovada na comiss\u00e3o especial da Casa em dezembro de 2014 e, desde ent\u00e3o, est\u00e1 pronta para ter sua vota\u00e7\u00e3o pautada em plen\u00e1rio.<\/p>\r\n<p>O evento de ontem reuniu, no Hall da Taquigrafia da C\u00e2mara, advogados p\u00fablicos de todo o Brasil e deputados que se pronunciaram acerca da import\u00e2ncia da PEC 82\/2007 para o fortalecimento da gest\u00e3o do Estado Brasileiro.<\/p>\r\n<p>Durante seu discurso, o presidente do SINPROFAZ, Her\u00e1clio Camargo, exortou aos advogados p\u00fablicos presentes, que s\u00e3o lideran\u00e7as nas Carreiras, a voltarem \u00e0s suas bases e conduzirem articula\u00e7\u00f5es em prol da PEC 82.<\/p>\r\n<p>O deputado Lelo Coimbra (PMDB-ES), que foi o relator da PEC 82\/2007 na comiss\u00e3o especial, mais uma vez demonstrou seu engajamento com as causas da Advocacia P\u00fablica. Ele comentou que \u201cmais relevante do que discutir o casu\u00edsmo da PEC da Bengala \u00e9 debater a relev\u00e2ncia da PEC 82 e fortalecer a Advocacia P\u00fablica\u201d.<\/p>\r\n<p>J\u00e1 o deputado Rodrigo Pacheco (PMDB-MG) lembrou que \u201ca PEC 82 \u00e9 uma unanimidade na advocacia brasileira\u201d e que as Carreiras podem contar com ele como \u201cum soldado para levar essa bandeira\u201d.<\/p>\r\n<p>O Procurador da Fazenda Nacional e deputado federal Tadeu Alencar (PSB-PE) tamb\u00e9m marcou presen\u00e7a no ato, enfatizando que \u201ca atua\u00e7\u00e3o republicana e \u00e9tica \u00e9 feita pela Advocacia P\u00fablica, que nem sempre tem dos governos a devida valoriza\u00e7\u00e3o\u201d.<\/p>\r\n<p>Na mobiliza\u00e7\u00e3o desta ter\u00e7a-feira foi dado mais um importante passo rumo \u00e0 aprova\u00e7\u00e3o da PEC 82\/2007. Durante o ato, foram colhidas assinaturas de deputados para reativar a Frente Parlamentar Mista em Defesa da Advocacia P\u00fablica, que tem no apoio \u00e0 PEC da Probidade uma de suas principais bandeiras.<\/p>\r\n<p>Estiveram presentes no ato e registraram apoio \u00e0 PEC 82\/2007: os deputados federais Tadeu Alencar (PSB-PE), Alessandro Molon (PT-RJ), Afonso Motta (PDT-RS), Rodrigo Pacheco (PMDB-MG), Gonzaga Patriota (PSB-PE), Manoel Junior (PMDB-PB), Fl\u00e1via Morais (PDT-GO), Ot\u00e1vio Leite (PSDB-RJ), R\u00f4mulo Gouveia (PSD-PB), Dulce Miranda (PMDB-TO), Jo\u00e3o Carlos Bacelar (PR-BA), Andr\u00e9 Moura (PSC-SE), Pauderney Avelino (DEM\/AM) e Roney Nemer (PMDB-DF), al\u00e9m do deputado estadual Adelino Follador (DEM-RO).<\/p>\r\n<p>A aprova\u00e7\u00e3o da PEC 82\/2007, nas palavras do presidente do SINPROFAZ, Her\u00e1clio Camargo, ir\u00e1 assegurar a autonomia necess\u00e1ria \u201cpara estruturar a Advocacia P\u00fablica, na eventualidade de um governo que, desopinada e acidentalmente tente sucate\u00e1-la, torn\u00e1-la Carreira de passagem, porque estamos num Estado de Direito, e n\u00e3o num Estado de passagem pol\u00edtico-partid\u00e1ria\u201d.<\/p>\r\n<p>Veja mais fotos do Ato em prol da PEC da Probidade. Clique <a href=\"https:\/\/www.facebook.com\/media\/set\/?set=a.852701894768034.1073741868.228633793841517&amp;type=1\">aqui<\/a>.<\/p>\r\n<p style=\"text-align: center;\"><\/p>","_links":{"self":[{"href":"https:\/\/sinprofaz.org.br\/2024\/wp-json\/wp\/v2\/posts\/2113"}],"collection":[{"href":"https:\/\/sinprofaz.org.br\/2024\/wp-json\/wp\/v2\/posts"}],"about":[{"href":"https:\/\/sinprofaz.org.br\/2024\/wp-json\/wp\/v2\/types\/post"}],"author":[{"embeddable":true,"href":"https:\/\/sinprofaz.org.br\/2024\/wp-json\/wp\/v2\/users\/1"}],"replies":[{"embeddable":true,"href":"https:\/\/sinprofaz.org.br\/2024\/wp-json\/wp\/v2\/comments?post=2113"}],"version-history":[{"count":0,"href":"https:\/\/sinprofaz.org.br\/2024\/wp-json\/wp\/v2\/posts\/2113\/revisions"}],"wp:attachment":[{"href":"https:\/\/sinprofaz.org.br\/2024\/wp-json\/wp\/v2\/media?parent=2113"}],"wp:term":[{"taxonomy":"category","embeddable":true,"href":"https:\/\/sinprofaz.org.br\/2024\/wp-json\/wp\/v2\/categories?post=2113"},{"taxonomy":"post_tag","embeddable":true,"href":"https:\/\/sinprofaz.org.br\/2024\/wp-json\/wp\/v2\/tags?post=2113"}],"curies":[{"name":"wp","href":"https:\/\/api.w.org\/{rel}","templated":true}]}}