{"id":2110,"date":"2015-03-02T12:40:57","date_gmt":"2015-03-02T12:40:57","guid":{"rendered":""},"modified":"-0001-11-30T00:00:00","modified_gmt":"-0001-11-30T03:00:00","slug":"entrega-de-cargos-compromisso-de-nao-assumir-cargos-e-recusa-de-diarias-pifias-sinprofaz-convoca-todos-os-pfns","status":"publish","type":"post","link":"https:\/\/sinprofaz.org.br\/2024\/noticias\/entrega-de-cargos-compromisso-de-nao-assumir-cargos-e-recusa-de-diarias-pifias-sinprofaz-convoca-todos-os-pfns\/","title":{"rendered":"Entrega de Cargos, Compromisso de n\u00e3o assumir cargos e Recusa de di\u00e1rias p\u00edfias: SINPROFAZ convoca todos os PFNs"},"content":{"rendered":"<p style=\"text-align: center;\"><strong>Mobiliza\u00e7\u00e3o 2015: Primeiras Medidas &#8211; Postura de Carreira de Verdade &#8211; A diferen\u00e7a entre falar e fazer<\/strong><\/p>\n<p style=\"text-align: center;\"><strong>DA ENTREGA DE CARGOS, DO COMPROMISSO DE N\u00c3O ASSUMIR CARGOS E DA RECUSA EM PAGAR PARA TRABALHAR EM VIAGENS DA PGFN<\/strong><\/p>\n<p style=\"text-align: justify;\">Na Reuni\u00e3o dos Delegados Sindicais e dos Diretores do SINPROFAZ, do dia 26 de fevereiro, entre outras provid\u00eancias, decidimos encaminhar \u00e0 Carreira a oportunidade de uma <strong>mobiliza\u00e7\u00e3o de verdade<\/strong> com a <strong>Declara\u00e7\u00e3o por escrito da Entrega de Cargos em Comiss\u00e3o e pela Declara\u00e7\u00e3o de que n\u00e3o mais viajaremos a trabalho com di\u00e1rias incompat\u00edveis com os custos da estada de um Procurador da Fazenda Nacional em outro Estado<\/strong>.<\/p>\n<p style=\"text-align: justify; margin-left: 30px;\"><strong>1.<\/strong> Os PFNS que n\u00e3o ocupam cargos em comiss\u00e3o comprometem-se a assinar a seguinte declara\u00e7\u00e3o:<\/p>\n<p style=\"text-align: center;\"><strong>D E C L A R A \u00c7 \u00c3 O<\/strong><\/p>\n<p style=\"text-align: justify; margin-left: 60px;\">Diante das prec\u00e1rias condi\u00e7\u00f5es de trabalho e a inaceit\u00e1vel defasagem da remunera\u00e7\u00e3o dos Procuradores da Fazenda Nacional, bem como em solidariedade \u00e0s a\u00e7\u00f5es do SINPROFAZ em 2015, DECLARO, que, enquanto n\u00e3o forem atendidas as nossas justas reivindica\u00e7\u00f5es, n\u00e3o assumirei qualquer fun\u00e7\u00e3o ou cargo de chefia, em qualquer unidade da PGFN.<\/p>\n<p style=\"text-align: center;\">Local, data.<\/p>\n<p style=\"text-align: center;\">Procurador(a) da Fazenda Nacional<\/p>\n<p style=\"text-align: justify; margin-left: 30px;\"><strong>2.<\/strong> Os PFNs que ocupam cargos em comiss\u00e3o comprometem-se publicamente perante a Carreira nos seguintes termos:<\/p>\n<p style=\"text-align: center;\"><strong>D E C L A R A \u00c7 \u00c3 O<\/strong><\/p>\n<p style=\"text-align: justify; margin-left: 60px;\">Diante das prec\u00e1rias condi\u00e7\u00f5es de trabalho e da inaceit\u00e1vel defasagem da remunera\u00e7\u00e3o dos Procuradores da Fazenda Nacional, bem como em solidariedade \u00e0s a\u00e7\u00f5es do SINPROFAZ e \u00e0s justas reivindica\u00e7\u00f5es da nossa Carreira, solicito a minha imediata exonera\u00e7\u00e3o do cargo\/fun\u00e7\u00e3o &#8230;&#8230;&#8230;<\/p>\n<p style=\"text-align: justify; margin-left: 60px;\">Por esse mesmo instrumento, autorizo ao SINPROFAZ promover uma Notifica\u00e7\u00e3o Judicial da Procuradoria-Geral da Fazenda Nacional para conhecimento inequ\u00edvoco deste pedido de exonera\u00e7\u00e3o, <strong>no momento oportuno e de forma coletiva<\/strong>. (grifo nosso)<\/p>\n<p style=\"text-align: center;\">Local, data.<\/p>\n<p style=\"text-align: center;\">Procurador(a) da Fazenda Nacional<\/p>\n<p style=\"text-align: justify; margin-left: 30px;\"><strong>3.<\/strong> Ainda, h\u00e1 outra <strong>DECLARA\u00c7\u00c3O<\/strong> individual de cada Procurador da Fazenda Nacional sobre a recusa formal de viajar a trabalho com di\u00e1rias incompat\u00edveis com a Carreira de Procurador da Fazenda Nacional.<\/p>\n<p style=\"text-align: justify; margin-left: 60px;\">O pr\u00f3p\u00f3sito dessas medidas iniciais \u00e9 demonstrar que <strong>a Carreira est\u00e1 mobilizada e n\u00e3o aguenta mais o estado de coisas na PGFN. Demonstrar coes\u00e3o entre todos os Colegas!<\/strong><\/p>\n<p style=\"text-align: justify; margin-left: 60px;\">Todos os Procuradores da Fazenda Nacional devem participar dessa mobiliza\u00e7\u00e3o crucial.<\/p>\n<p style=\"text-align: justify; margin-left: 60px;\">Utilizaremos a persuas\u00e3o racional para explicar aos demais Colegas que essa n\u00e3o \u00e9 uma medida contra os atuais ocupantes de cargos em comiss\u00e3o, mas em favor de sua Carreira!<\/p>\n<p style=\"text-align: justify; margin-left: 60px;\"><strong>Cada Procurador da Fazenda Nacional deve fazer a sua parte, neste momento crucial, a fim de que as negocia\u00e7\u00f5es com o governo sejam feitas \u00e0 altura das justas expectativas da nossa Carreira.<\/strong><\/p>\n<p style=\"text-align: justify;\">A Diretoria do SINPROFAZ apresenta os <strong>03 (tr\u00eas) formul\u00e1rios<\/strong> abaixo.<\/p>\n<p style=\"text-align: justify;\">As listas de quem assinou e n\u00e3o assinou ser\u00e3o divulgadas em tempo real para toda a Carreira.<\/p>\n<p style=\"text-align: justify;\">Chega de humilha\u00e7\u00e3o! A Carreira de Procurador da Fazenda Nacional vai dizer a que veio.<\/p>\n<p style=\"text-align: justify;\">Essas medidas ser\u00e3o adotadas imediatamente e sem preju\u00edzo das demais medidas encaminhadas na AGO.<\/p>\n<p style=\"text-align: justify;\">Os Colegas podem imprimir, assinar e escanear os documentos para o endere\u00e7o eletr\u00f4nico <a href=\"mailto:secretaria@sinprofaz.org.br\" target=\"_blank\">secretaria@sinprofaz.org.br<\/a>.<\/p>\n<p style=\"text-align: justify;\">&nbsp;<\/p>\n<p style=\"text-align: justify;\">Clique <a href=\"\/pdfs\/declaracao-de-entrega-de-cargo-em-comissao.pdf\" target=\"_blank\" class=\"jcepopup\">aqui<\/a> para a declara\u00e7\u00e3o de Entrega de cargo em comiss\u00e3o.<\/p>\n<p style=\"text-align: justify;\">Clique <a href=\"\/pdfs\/compromisso-de-nao-assumir-cargos-em-confianca.pdf\" target=\"_blank\" class=\"jcepopup\">aqui<\/a> para a declara\u00e7\u00e3o de Compromisso de n\u00e3o assumir cargos em comiss\u00e3o.<\/p>\n<p style=\"text-align: justify;\">Clique <a href=\"\/pdfs\/declaracao-recusa-de-pagar-para-trabalhar-em-viagens-da-pgfn.pdf\" target=\"_blank\" class=\"jcepopup\">aqui<\/a> para a declara\u00e7\u00e3o de Recusa de pagar para trabalhar em viagens da PGFN.<\/p>\n","protected":false},"excerpt":{"rendered":"<p style=\"text-align: left;\">O SINPROFAZ convoca todos os Procuradores da Fazenda Nacional, filiados ou n\u00e3o, a participarem da entrega das declara\u00e7\u00f5es de &#8220;Entrega de Cargos em Comiss\u00e3o, Compromisso de n\u00e3o assumir Cargos em Comiss\u00e3o em 2015 e Recusa em pagar para trabalhar com di\u00e1rias p\u00edfias na PGFN&#8221;.<\/p>\n","protected":false},"author":1,"featured_media":0,"comment_status":"closed","ping_status":"open","sticky":false,"template":"","format":"standard","meta":{"footnotes":""},"categories":[8],"tags":[],"featured_image_url":"https:\/\/dummyimage.com\/720x400","character_count":1730,"formatted_date":"02\/03\/2015 - 12:40","contentNovo":"\r\n<p style=\"text-align: center;\"><strong>Mobiliza\u00e7\u00e3o 2015: Primeiras Medidas - Postura de Carreira de Verdade - A diferen\u00e7a entre falar e fazer<\/strong><\/p>\r\n<p style=\"text-align: center;\"><strong>DA ENTREGA DE CARGOS, DO COMPROMISSO DE N\u00c3O ASSUMIR CARGOS E DA RECUSA EM PAGAR PARA TRABALHAR EM VIAGENS DA PGFN<\/strong><\/p>\r\n<p style=\"text-align: justify;\">Na Reuni\u00e3o dos Delegados Sindicais e dos Diretores do SINPROFAZ, do dia 26 de fevereiro, entre outras provid\u00eancias, decidimos encaminhar \u00e0 Carreira a oportunidade de uma <strong>mobiliza\u00e7\u00e3o de verdade<\/strong> com a <strong>Declara\u00e7\u00e3o por escrito da Entrega de Cargos em Comiss\u00e3o e pela Declara\u00e7\u00e3o de que n\u00e3o mais viajaremos a trabalho com di\u00e1rias incompat\u00edveis com os custos da estada de um Procurador da Fazenda Nacional em outro Estado<\/strong>.<\/p>\r\n<p style=\"text-align: justify; margin-left: 30px;\"><strong>1.<\/strong> Os PFNS que n\u00e3o ocupam cargos em comiss\u00e3o comprometem-se a assinar a seguinte declara\u00e7\u00e3o:<\/p>\r\n<p style=\"text-align: center;\"><strong>D E C L A R A \u00c7 \u00c3 O<\/strong><\/p>\r\n<p style=\"text-align: justify; margin-left: 60px;\">Diante das prec\u00e1rias condi\u00e7\u00f5es de trabalho e a inaceit\u00e1vel defasagem da remunera\u00e7\u00e3o dos Procuradores da Fazenda Nacional, bem como em solidariedade \u00e0s a\u00e7\u00f5es do SINPROFAZ em 2015, DECLARO, que, enquanto n\u00e3o forem atendidas as nossas justas reivindica\u00e7\u00f5es, n\u00e3o assumirei qualquer fun\u00e7\u00e3o ou cargo de chefia, em qualquer unidade da PGFN.<\/p>\r\n<p style=\"text-align: center;\">Local, data.<\/p>\r\n<p style=\"text-align: center;\">Procurador(a) da Fazenda Nacional<\/p>\r\n<p style=\"text-align: justify; margin-left: 30px;\"><strong>2.<\/strong> Os PFNs que ocupam cargos em comiss\u00e3o comprometem-se publicamente perante a Carreira nos seguintes termos:<\/p>\r\n<p style=\"text-align: center;\"><strong>D E C L A R A \u00c7 \u00c3 O<\/strong><\/p>\r\n<p style=\"text-align: justify; margin-left: 60px;\">Diante das prec\u00e1rias condi\u00e7\u00f5es de trabalho e da inaceit\u00e1vel defasagem da remunera\u00e7\u00e3o dos Procuradores da Fazenda Nacional, bem como em solidariedade \u00e0s a\u00e7\u00f5es do SINPROFAZ e \u00e0s justas reivindica\u00e7\u00f5es da nossa Carreira, solicito a minha imediata exonera\u00e7\u00e3o do cargo\/fun\u00e7\u00e3o .........<\/p>\r\n<p style=\"text-align: justify; margin-left: 60px;\">Por esse mesmo instrumento, autorizo ao SINPROFAZ promover uma Notifica\u00e7\u00e3o Judicial da Procuradoria-Geral da Fazenda Nacional para conhecimento inequ\u00edvoco deste pedido de exonera\u00e7\u00e3o, <strong>no momento oportuno e de forma coletiva<\/strong>. (grifo nosso)<\/p>\r\n<p style=\"text-align: center;\">Local, data.<\/p>\r\n<p style=\"text-align: center;\">Procurador(a) da Fazenda Nacional<\/p>\r\n<p style=\"text-align: justify; margin-left: 30px;\"><strong>3.<\/strong> Ainda, h\u00e1 outra <strong>DECLARA\u00c7\u00c3O<\/strong> individual de cada Procurador da Fazenda Nacional sobre a recusa formal de viajar a trabalho com di\u00e1rias incompat\u00edveis com a Carreira de Procurador da Fazenda Nacional.<\/p>\r\n<p style=\"text-align: justify; margin-left: 60px;\">O pr\u00f3p\u00f3sito dessas medidas iniciais \u00e9 demonstrar que <strong>a Carreira est\u00e1 mobilizada e n\u00e3o aguenta mais o estado de coisas na PGFN. Demonstrar coes\u00e3o entre todos os Colegas!<\/strong><\/p>\r\n<p style=\"text-align: justify; margin-left: 60px;\">Todos os Procuradores da Fazenda Nacional devem participar dessa mobiliza\u00e7\u00e3o crucial.<\/p>\r\n<p style=\"text-align: justify; margin-left: 60px;\">Utilizaremos a persuas\u00e3o racional para explicar aos demais Colegas que essa n\u00e3o \u00e9 uma medida contra os atuais ocupantes de cargos em comiss\u00e3o, mas em favor de sua Carreira!<\/p>\r\n<p style=\"text-align: justify; margin-left: 60px;\"><strong>Cada Procurador da Fazenda Nacional deve fazer a sua parte, neste momento crucial, a fim de que as negocia\u00e7\u00f5es com o governo sejam feitas \u00e0 altura das justas expectativas da nossa Carreira.<\/strong><\/p>\r\n<p style=\"text-align: justify;\">A Diretoria do SINPROFAZ apresenta os <strong>03 (tr\u00eas) formul\u00e1rios<\/strong> abaixo.<\/p>\r\n<p style=\"text-align: justify;\">As listas de quem assinou e n\u00e3o assinou ser\u00e3o divulgadas em tempo real para toda a Carreira.<\/p>\r\n<p style=\"text-align: justify;\">Chega de humilha\u00e7\u00e3o! A Carreira de Procurador da Fazenda Nacional vai dizer a que veio.<\/p>\r\n<p style=\"text-align: justify;\">Essas medidas ser\u00e3o adotadas imediatamente e sem preju\u00edzo das demais medidas encaminhadas na AGO.<\/p>\r\n<p style=\"text-align: justify;\">Os Colegas podem imprimir, assinar e escanear os documentos para o endere\u00e7o eletr\u00f4nico <a href=\"mailto:secretaria@sinprofaz.org.br\" target=\"_blank\">secretaria@sinprofaz.org.br<\/a>.<\/p>\r\n<p style=\"text-align: justify;\">&nbsp;<\/p>\r\n<p style=\"text-align: justify;\">Clique <a href=\"\/pdfs\/declaracao-de-entrega-de-cargo-em-comissao.pdf\" target=\"_blank\" class=\"jcepopup\">aqui<\/a> para a declara\u00e7\u00e3o de Entrega de cargo em comiss\u00e3o.<\/p>\r\n<p style=\"text-align: justify;\">Clique <a href=\"\/pdfs\/compromisso-de-nao-assumir-cargos-em-confianca.pdf\" target=\"_blank\" class=\"jcepopup\">aqui<\/a> para a declara\u00e7\u00e3o de Compromisso de n\u00e3o assumir cargos em comiss\u00e3o.<\/p>\r\n<p style=\"text-align: justify;\">Clique <a href=\"\/pdfs\/declaracao-recusa-de-pagar-para-trabalhar-em-viagens-da-pgfn.pdf\" target=\"_blank\" class=\"jcepopup\">aqui<\/a> para a declara\u00e7\u00e3o de Recusa de pagar para trabalhar em viagens da PGFN.<\/p>","_links":{"self":[{"href":"https:\/\/sinprofaz.org.br\/2024\/wp-json\/wp\/v2\/posts\/2110"}],"collection":[{"href":"https:\/\/sinprofaz.org.br\/2024\/wp-json\/wp\/v2\/posts"}],"about":[{"href":"https:\/\/sinprofaz.org.br\/2024\/wp-json\/wp\/v2\/types\/post"}],"author":[{"embeddable":true,"href":"https:\/\/sinprofaz.org.br\/2024\/wp-json\/wp\/v2\/users\/1"}],"replies":[{"embeddable":true,"href":"https:\/\/sinprofaz.org.br\/2024\/wp-json\/wp\/v2\/comments?post=2110"}],"version-history":[{"count":0,"href":"https:\/\/sinprofaz.org.br\/2024\/wp-json\/wp\/v2\/posts\/2110\/revisions"}],"wp:attachment":[{"href":"https:\/\/sinprofaz.org.br\/2024\/wp-json\/wp\/v2\/media?parent=2110"}],"wp:term":[{"taxonomy":"category","embeddable":true,"href":"https:\/\/sinprofaz.org.br\/2024\/wp-json\/wp\/v2\/categories?post=2110"},{"taxonomy":"post_tag","embeddable":true,"href":"https:\/\/sinprofaz.org.br\/2024\/wp-json\/wp\/v2\/tags?post=2110"}],"curies":[{"name":"wp","href":"https:\/\/api.w.org\/{rel}","templated":true}]}}