{"id":2108,"date":"2015-02-27T21:21:05","date_gmt":"2015-02-27T21:21:05","guid":{"rendered":""},"modified":"-0001-11-30T00:00:00","modified_gmt":"-0001-11-30T03:00:00","slug":"sinprofaz-em-reuniao-de-trabalho-na-anauni","status":"publish","type":"post","link":"https:\/\/sinprofaz.org.br\/2024\/noticias\/sinprofaz-em-reuniao-de-trabalho-na-anauni\/","title":{"rendered":"SINPROFAZ em reuni\u00e3o de trabalho na ANAUNI"},"content":{"rendered":"<p><img loading=\"lazy\" decoding=\"async\" style=\"margin-bottom: 10px; margin-right: 10px; float: left;\" alt=\"\" src=\"images\/noticias\/pec-443-entidades-lancam-movimento-pela-aprovacao-na-camara\/01.jpg\" height=\"157\" width=\"218\" \/>Em reuni\u00e3o de trabalho na sede da ANAUNI, na manh\u00e3 desta sexta-feira, 27\/02, o presidente do SINPROFAZ, Her\u00e1clio Camargo, e o diretor administrativo, Achilles Frias, debateram as pautas priorit\u00e1rias da Advocacia P\u00fablica Federal.<\/p>\n<p>Os dirigentes do SINPROFAZ foram recebidos pelo atual presidente da ANAUNI, Rommel Macedo, e pelo presidente eleito, que tomar\u00e1 posse logo mais na sede da OAB, em Bras\u00edlia.<\/p>\n<p>Na reuni\u00e3o, foram debatidas estrat\u00e9gias para avan\u00e7ar nos principais pleitos da Advocacia P\u00fablica, especialmente no que se refere \u00e0 percep\u00e7\u00e3o dos honor\u00e1rios de sucumb\u00eancia e \u00e0 garantia de autonomia aos advogados p\u00fablicos, nos termos da PEC 82\/2007.<\/p>\n<p>Na ocasi\u00e3o, Rommel Macedo apresentou aos demais dirigentes sindicais e associativos presentes o novo presidente da ANAUNI, Bruno Moreira Fortes. Foram refor\u00e7ados os la\u00e7os de atua\u00e7\u00e3o conjunta das entidades representativas da Advocacia P\u00fablica, e reiterada a parceria entre o presidente que est\u00e1 deixando o cargo e o novo titular que conduzir\u00e1 a entidade pelo pr\u00f3ximo bi\u00eanio (2015-2017).<\/p>\n<p>Estiveram presentes na reuni\u00e3o de trabalho, al\u00e9m dos representantes do SINPROFAZ: o presidente da ANPAF, Jos\u00e9 Galdino da Silva Filho, e o presidente da ANPPREV, Ant\u00f4nio Rodrigues da Silva.<\/p>\n<p>A posse da Diretoria e do Conselho Fiscal da ANAUNI ser\u00e1 \u00e0s 19h, no Plen\u00e1rio do Conselho Federal da Ordem dos Advogados do Brasil.<\/p>\n<p style=\"text-align: center;\"><img loading=\"lazy\" decoding=\"async\" style=\"margin-right: 5px;\" alt=\"\" src=\"images\/noticias\/pec-443-entidades-lancam-movimento-pela-aprovacao-na-camara\/02.jpg\" height=\"108\" width=\"150\" \/><img loading=\"lazy\" decoding=\"async\" style=\"margin-right: 5px;\" alt=\"\" src=\"images\/noticias\/pec-443-entidades-lancam-movimento-pela-aprovacao-na-camara\/03.jpg\" height=\"108\" width=\"81\" \/><\/p>\n","protected":false},"excerpt":{"rendered":"<p>Em reuni\u00e3o de trabalho na sede da ANAUNI, na manh\u00e3 desta sexta-feira, 27\/02, o presidente do SINPROFAZ, Her\u00e1clio Camargo, e o diretor administrativo, Achilles Frias, debateram as pautas priorit\u00e1rias da Advocacia P\u00fablica Federal.<\/p>\n","protected":false},"author":1,"featured_media":0,"comment_status":"closed","ping_status":"open","sticky":false,"template":"","format":"standard","meta":{"footnotes":""},"categories":[8],"tags":[],"featured_image_url":"https:\/\/dummyimage.com\/720x400","character_count":696,"formatted_date":"27\/02\/2015 - 21:21","contentNovo":"\r\n<p>Em reuni\u00e3o de trabalho na sede da ANAUNI, na manh\u00e3 desta sexta-feira, 27\/02, o presidente do SINPROFAZ, Her\u00e1clio Camargo, e o diretor administrativo, Achilles Frias, debateram as pautas priorit\u00e1rias da Advocacia P\u00fablica Federal.<\/p>\r\n<p>Os dirigentes do SINPROFAZ foram recebidos pelo atual presidente da ANAUNI, Rommel Macedo, e pelo presidente eleito, que tomar\u00e1 posse logo mais na sede da OAB, em Bras\u00edlia.<\/p>\r\n<p>Na reuni\u00e3o, foram debatidas estrat\u00e9gias para avan\u00e7ar nos principais pleitos da Advocacia P\u00fablica, especialmente no que se refere \u00e0 percep\u00e7\u00e3o dos honor\u00e1rios de sucumb\u00eancia e \u00e0 garantia de autonomia aos advogados p\u00fablicos, nos termos da PEC 82\/2007.<\/p>\r\n<p>Na ocasi\u00e3o, Rommel Macedo apresentou aos demais dirigentes sindicais e associativos presentes o novo presidente da ANAUNI, Bruno Moreira Fortes. Foram refor\u00e7ados os la\u00e7os de atua\u00e7\u00e3o conjunta das entidades representativas da Advocacia P\u00fablica, e reiterada a parceria entre o presidente que est\u00e1 deixando o cargo e o novo titular que conduzir\u00e1 a entidade pelo pr\u00f3ximo bi\u00eanio (2015-2017).<\/p>\r\n<p>Estiveram presentes na reuni\u00e3o de trabalho, al\u00e9m dos representantes do SINPROFAZ: o presidente da ANPAF, Jos\u00e9 Galdino da Silva Filho, e o presidente da ANPPREV, Ant\u00f4nio Rodrigues da Silva.<\/p>\r\n<p>A posse da Diretoria e do Conselho Fiscal da ANAUNI ser\u00e1 \u00e0s 19h, no Plen\u00e1rio do Conselho Federal da Ordem dos Advogados do Brasil.<\/p>\r\n<p style=\"text-align: center;\"><\/p>","_links":{"self":[{"href":"https:\/\/sinprofaz.org.br\/2024\/wp-json\/wp\/v2\/posts\/2108"}],"collection":[{"href":"https:\/\/sinprofaz.org.br\/2024\/wp-json\/wp\/v2\/posts"}],"about":[{"href":"https:\/\/sinprofaz.org.br\/2024\/wp-json\/wp\/v2\/types\/post"}],"author":[{"embeddable":true,"href":"https:\/\/sinprofaz.org.br\/2024\/wp-json\/wp\/v2\/users\/1"}],"replies":[{"embeddable":true,"href":"https:\/\/sinprofaz.org.br\/2024\/wp-json\/wp\/v2\/comments?post=2108"}],"version-history":[{"count":0,"href":"https:\/\/sinprofaz.org.br\/2024\/wp-json\/wp\/v2\/posts\/2108\/revisions"}],"wp:attachment":[{"href":"https:\/\/sinprofaz.org.br\/2024\/wp-json\/wp\/v2\/media?parent=2108"}],"wp:term":[{"taxonomy":"category","embeddable":true,"href":"https:\/\/sinprofaz.org.br\/2024\/wp-json\/wp\/v2\/categories?post=2108"},{"taxonomy":"post_tag","embeddable":true,"href":"https:\/\/sinprofaz.org.br\/2024\/wp-json\/wp\/v2\/tags?post=2108"}],"curies":[{"name":"wp","href":"https:\/\/api.w.org\/{rel}","templated":true}]}}