{"id":2104,"date":"2015-02-25T15:51:43","date_gmt":"2015-02-25T15:51:43","guid":{"rendered":""},"modified":"-0001-11-30T00:00:00","modified_gmt":"-0001-11-30T03:00:00","slug":"novo-cpc-contagem-regressiva-para-a-sancao-presidencial","status":"publish","type":"post","link":"https:\/\/sinprofaz.org.br\/2024\/noticias\/novo-cpc-contagem-regressiva-para-a-sancao-presidencial\/","title":{"rendered":"Novo CPC: contagem regressiva para a san\u00e7\u00e3o presidencial"},"content":{"rendered":"<p>O texto j\u00e1 foi recebido pelo Pal\u00e1cio do Planalto e a presidente Dilma Rousseff tem at\u00e9 o dia 16\/03 para sancionar ou vetar o projeto.<\/p>\n<p>O SINPROFAZ acompanha passo a passo a tramita\u00e7\u00e3o da mat\u00e9ria e aguarda um desfecho exitoso, com a confirma\u00e7\u00e3o da previs\u00e3o dos honor\u00e1rios sucumbenciais aos Advogados P\u00fablicos no teor da lei sancionada.<\/p>\n","protected":false},"excerpt":{"rendered":"<p>O Senado Federal encaminhou, na noite de ontem, 24\/03, para san\u00e7\u00e3o presidencial, o Substitutivo da C\u00e2mara dos Deputados ao Projeto de Lei do Senado 166\/2010, que disp\u00f5e sobre o Novo C\u00f3digo de Processo Civil.<\/p>\n","protected":false},"author":1,"featured_media":0,"comment_status":"closed","ping_status":"open","sticky":false,"template":"","format":"standard","meta":{"footnotes":""},"categories":[8],"tags":[],"featured_image_url":"https:\/\/dummyimage.com\/720x400","character_count":173,"formatted_date":"25\/02\/2015 - 15:51","contentNovo":"\r\n<p>O texto j\u00e1 foi recebido pelo Pal\u00e1cio do Planalto e a presidente Dilma Rousseff tem at\u00e9 o dia 16\/03 para sancionar ou vetar o projeto.<\/p>\r\n<p>O SINPROFAZ acompanha passo a passo a tramita\u00e7\u00e3o da mat\u00e9ria e aguarda um desfecho exitoso, com a confirma\u00e7\u00e3o da previs\u00e3o dos honor\u00e1rios sucumbenciais aos Advogados P\u00fablicos no teor da lei sancionada.<\/p>","_links":{"self":[{"href":"https:\/\/sinprofaz.org.br\/2024\/wp-json\/wp\/v2\/posts\/2104"}],"collection":[{"href":"https:\/\/sinprofaz.org.br\/2024\/wp-json\/wp\/v2\/posts"}],"about":[{"href":"https:\/\/sinprofaz.org.br\/2024\/wp-json\/wp\/v2\/types\/post"}],"author":[{"embeddable":true,"href":"https:\/\/sinprofaz.org.br\/2024\/wp-json\/wp\/v2\/users\/1"}],"replies":[{"embeddable":true,"href":"https:\/\/sinprofaz.org.br\/2024\/wp-json\/wp\/v2\/comments?post=2104"}],"version-history":[{"count":0,"href":"https:\/\/sinprofaz.org.br\/2024\/wp-json\/wp\/v2\/posts\/2104\/revisions"}],"wp:attachment":[{"href":"https:\/\/sinprofaz.org.br\/2024\/wp-json\/wp\/v2\/media?parent=2104"}],"wp:term":[{"taxonomy":"category","embeddable":true,"href":"https:\/\/sinprofaz.org.br\/2024\/wp-json\/wp\/v2\/categories?post=2104"},{"taxonomy":"post_tag","embeddable":true,"href":"https:\/\/sinprofaz.org.br\/2024\/wp-json\/wp\/v2\/tags?post=2104"}],"curies":[{"name":"wp","href":"https:\/\/api.w.org\/{rel}","templated":true}]}}