{"id":2102,"date":"2015-02-24T21:22:11","date_gmt":"2015-02-24T21:22:11","guid":{"rendered":""},"modified":"-0001-11-30T00:00:00","modified_gmt":"-0001-11-30T03:00:00","slug":"honorarios-finalizada-a-redacao-final-do-novo-cpc","status":"publish","type":"post","link":"https:\/\/sinprofaz.org.br\/2024\/noticias\/honorarios-finalizada-a-redacao-final-do-novo-cpc\/","title":{"rendered":"Honor\u00e1rios: finalizada a reda\u00e7\u00e3o final do Novo CPC"},"content":{"rendered":"<p>A mat\u00e9ria dever\u00e1 ser encaminhada ainda hoje, 24\/02, \u00e0 Casa Civil da Presid\u00eancia da Rep\u00fablica para a san\u00e7\u00e3o presidencial.<\/p>\n<p>Importante ressaltar que, somente ap\u00f3s o Protocolo na Casa Civil, que pode ocorrer ainda nesta ter\u00e7a-feira, ser\u00e1 iniciada a contagem do prazo de at\u00e9 15 dias \u00fateis para que ocorra a manifesta\u00e7\u00e3o da Chefe do Poder Executivo.<\/p>\n<p>Veja <a href=\"\/pdfs\/redacao-final-scd-166-2010-cpc.pdf\" target=\"_blank\" class=\"jcepopup\">aqui<\/a> a reda\u00e7\u00e3o final do Novo CPC.<\/p>\n","protected":false},"excerpt":{"rendered":"<p>Segundo informa\u00e7\u00e3o da Secretaria-Geral da Mesa do Senado Federal, foi conclu\u00edda a reda\u00e7\u00e3o final do Substitutivo da C\u00e2mara dos Deputados ao Projeto de Lei do Senado (SCD) 166\/2010, que estabelece o novo C\u00f3digo de Processo Civil.<\/p>\n","protected":false},"author":1,"featured_media":0,"comment_status":"closed","ping_status":"open","sticky":false,"template":"","format":"standard","meta":{"footnotes":""},"categories":[8],"tags":[],"featured_image_url":"https:\/\/dummyimage.com\/720x400","character_count":200,"formatted_date":"24\/02\/2015 - 21:22","contentNovo":"\r\n<p>A mat\u00e9ria dever\u00e1 ser encaminhada ainda hoje, 24\/02, \u00e0 Casa Civil da Presid\u00eancia da Rep\u00fablica para a san\u00e7\u00e3o presidencial.<\/p>\r\n<p>Importante ressaltar que, somente ap\u00f3s o Protocolo na Casa Civil, que pode ocorrer ainda nesta ter\u00e7a-feira, ser\u00e1 iniciada a contagem do prazo de at\u00e9 15 dias \u00fateis para que ocorra a manifesta\u00e7\u00e3o da Chefe do Poder Executivo.<\/p>\r\n<p>Veja <a href=\"\/pdfs\/redacao-final-scd-166-2010-cpc.pdf\" target=\"_blank\" class=\"jcepopup\">aqui<\/a> a reda\u00e7\u00e3o final do Novo CPC.<\/p>","_links":{"self":[{"href":"https:\/\/sinprofaz.org.br\/2024\/wp-json\/wp\/v2\/posts\/2102"}],"collection":[{"href":"https:\/\/sinprofaz.org.br\/2024\/wp-json\/wp\/v2\/posts"}],"about":[{"href":"https:\/\/sinprofaz.org.br\/2024\/wp-json\/wp\/v2\/types\/post"}],"author":[{"embeddable":true,"href":"https:\/\/sinprofaz.org.br\/2024\/wp-json\/wp\/v2\/users\/1"}],"replies":[{"embeddable":true,"href":"https:\/\/sinprofaz.org.br\/2024\/wp-json\/wp\/v2\/comments?post=2102"}],"version-history":[{"count":0,"href":"https:\/\/sinprofaz.org.br\/2024\/wp-json\/wp\/v2\/posts\/2102\/revisions"}],"wp:attachment":[{"href":"https:\/\/sinprofaz.org.br\/2024\/wp-json\/wp\/v2\/media?parent=2102"}],"wp:term":[{"taxonomy":"category","embeddable":true,"href":"https:\/\/sinprofaz.org.br\/2024\/wp-json\/wp\/v2\/categories?post=2102"},{"taxonomy":"post_tag","embeddable":true,"href":"https:\/\/sinprofaz.org.br\/2024\/wp-json\/wp\/v2\/tags?post=2102"}],"curies":[{"name":"wp","href":"https:\/\/api.w.org\/{rel}","templated":true}]}}