{"id":2100,"date":"2015-02-23T20:25:42","date_gmt":"2015-02-23T20:25:42","guid":{"rendered":""},"modified":"-0001-11-30T00:00:00","modified_gmt":"-0001-11-30T03:00:00","slug":"acoes-judiciais-acesse-as-informacoes-na-area-do-filiado","status":"publish","type":"post","link":"https:\/\/sinprofaz.org.br\/2024\/noticias\/acoes-judiciais-acesse-as-informacoes-na-area-do-filiado\/","title":{"rendered":"A\u00e7\u00f5es Judiciais: acesse as informa\u00e7\u00f5es na \u00c1rea do Filiado"},"content":{"rendered":"<p>Para acessar a \u00c1rea do Filiado, basta clicar <a href=\"log-in\/\" target=\"_blank\">aqui<\/a>.*<\/p>\n<p>Para as a\u00e7\u00f5es patrocinadas pelo Escrit\u00f3rio Mendes Plutarco, baixe o aplicativo para smartphones na Apple Store (iOS) ou no Google Play (Android).<\/p>\n<p><em>* Em caso de dificuldade ou d\u00favida sobre o acesso \u00e0 \u00c1rea do Filiado, entre em contato pelo email <a href=\"mailto:suporte@sinprofaz.org.br\" target=\"_blank\">suporte@sinprofaz.org.br.<\/a><\/em><\/p>\n","protected":false},"excerpt":{"rendered":"<p>O filiado do SINPROFAZ tamb\u00e9m pode encaminhar sua demanda para o endere\u00e7o eletr\u00f4nico <a href=\"mailto:juridico@sinprofaz.org.br\" target=\"_blank\">juridico@sinprofaz.org.br<\/a>.<\/p>\n","protected":false},"author":1,"featured_media":0,"comment_status":"closed","ping_status":"open","sticky":false,"template":"","format":"standard","meta":{"footnotes":""},"categories":[8],"tags":[],"featured_image_url":"https:\/\/dummyimage.com\/720x400","character_count":164,"formatted_date":"23\/02\/2015 - 20:25","contentNovo":"\r\n<p>Para acessar a \u00c1rea do Filiado, basta clicar <a href=\"log-in\/\" target=\"_blank\">aqui<\/a>.*<\/p>\r\n<p>Para as a\u00e7\u00f5es patrocinadas pelo Escrit\u00f3rio Mendes Plutarco, baixe o aplicativo para smartphones na Apple Store (iOS) ou no Google Play (Android).<\/p>\r\n<p><em>* Em caso de dificuldade ou d\u00favida sobre o acesso \u00e0 \u00c1rea do Filiado, entre em contato pelo email <a href=\"mailto:suporte@sinprofaz.org.br\" target=\"_blank\">suporte@sinprofaz.org.br.<\/a><\/em><\/p>","_links":{"self":[{"href":"https:\/\/sinprofaz.org.br\/2024\/wp-json\/wp\/v2\/posts\/2100"}],"collection":[{"href":"https:\/\/sinprofaz.org.br\/2024\/wp-json\/wp\/v2\/posts"}],"about":[{"href":"https:\/\/sinprofaz.org.br\/2024\/wp-json\/wp\/v2\/types\/post"}],"author":[{"embeddable":true,"href":"https:\/\/sinprofaz.org.br\/2024\/wp-json\/wp\/v2\/users\/1"}],"replies":[{"embeddable":true,"href":"https:\/\/sinprofaz.org.br\/2024\/wp-json\/wp\/v2\/comments?post=2100"}],"version-history":[{"count":0,"href":"https:\/\/sinprofaz.org.br\/2024\/wp-json\/wp\/v2\/posts\/2100\/revisions"}],"wp:attachment":[{"href":"https:\/\/sinprofaz.org.br\/2024\/wp-json\/wp\/v2\/media?parent=2100"}],"wp:term":[{"taxonomy":"category","embeddable":true,"href":"https:\/\/sinprofaz.org.br\/2024\/wp-json\/wp\/v2\/categories?post=2100"},{"taxonomy":"post_tag","embeddable":true,"href":"https:\/\/sinprofaz.org.br\/2024\/wp-json\/wp\/v2\/tags?post=2100"}],"curies":[{"name":"wp","href":"https:\/\/api.w.org\/{rel}","templated":true}]}}