{"id":2094,"date":"2015-02-12T19:12:22","date_gmt":"2015-02-12T19:12:22","guid":{"rendered":""},"modified":"-0001-11-30T00:00:00","modified_gmt":"-0001-11-30T03:00:00","slug":"oab-sc-repercute-nota-de-desgravo-do-sinprofaz","status":"publish","type":"post","link":"https:\/\/sinprofaz.org.br\/2024\/noticias\/oab-sc-repercute-nota-de-desgravo-do-sinprofaz\/","title":{"rendered":"OAB\/SC repercute nota de desgravo do SINPROFAZ"},"content":{"rendered":"<p>Conforme a OAB\/SC destacou, o SINPROFAZ divulgou o desagravo em solidariedade ao catarinense Hugo Cesar Hoeschl, v\u00edtima de ass\u00e9dio moral praticado pelo procurador-regional da Fazenda Nacional da 4\u00aa Regi\u00e3o, Jos\u00e9 Diogo Cyrillo da Silva.<\/p>\n<p>Leia <a href=\"http:\/\/www.oab-sc.org.br\/noticias\/sinprofaz-desagrava-procurador-catarinense\/10999\" target=\"_blank\">aqui<\/a> a \u00edntegra da mat\u00e9ria.<\/p>\n","protected":false},"excerpt":{"rendered":"<p>A nota que o Sindicato divulgou ontem , 11\/02, em defesa dos membros da Carreira de PFN no exerc\u00edcio de suas atribui\u00e7\u00f5es, repercutiu no site da OAB de Santa Catarina.<\/p>\n","protected":false},"author":1,"featured_media":0,"comment_status":"closed","ping_status":"open","sticky":false,"template":"","format":"standard","meta":{"footnotes":""},"categories":[8],"tags":[],"featured_image_url":"https:\/\/dummyimage.com\/720x400","character_count":137,"formatted_date":"12\/02\/2015 - 19:12","contentNovo":"\r\n<p>Conforme a OAB\/SC destacou, o SINPROFAZ divulgou o desagravo em solidariedade ao catarinense Hugo Cesar Hoeschl, v\u00edtima de ass\u00e9dio moral praticado pelo procurador-regional da Fazenda Nacional da 4\u00aa Regi\u00e3o, Jos\u00e9 Diogo Cyrillo da Silva.<\/p>\r\n<p>Leia <a href=\"http:\/\/www.oab-sc.org.br\/noticias\/sinprofaz-desagrava-procurador-catarinense\/10999\" target=\"_blank\">aqui<\/a> a \u00edntegra da mat\u00e9ria.<\/p>","_links":{"self":[{"href":"https:\/\/sinprofaz.org.br\/2024\/wp-json\/wp\/v2\/posts\/2094"}],"collection":[{"href":"https:\/\/sinprofaz.org.br\/2024\/wp-json\/wp\/v2\/posts"}],"about":[{"href":"https:\/\/sinprofaz.org.br\/2024\/wp-json\/wp\/v2\/types\/post"}],"author":[{"embeddable":true,"href":"https:\/\/sinprofaz.org.br\/2024\/wp-json\/wp\/v2\/users\/1"}],"replies":[{"embeddable":true,"href":"https:\/\/sinprofaz.org.br\/2024\/wp-json\/wp\/v2\/comments?post=2094"}],"version-history":[{"count":0,"href":"https:\/\/sinprofaz.org.br\/2024\/wp-json\/wp\/v2\/posts\/2094\/revisions"}],"wp:attachment":[{"href":"https:\/\/sinprofaz.org.br\/2024\/wp-json\/wp\/v2\/media?parent=2094"}],"wp:term":[{"taxonomy":"category","embeddable":true,"href":"https:\/\/sinprofaz.org.br\/2024\/wp-json\/wp\/v2\/categories?post=2094"},{"taxonomy":"post_tag","embeddable":true,"href":"https:\/\/sinprofaz.org.br\/2024\/wp-json\/wp\/v2\/tags?post=2094"}],"curies":[{"name":"wp","href":"https:\/\/api.w.org\/{rel}","templated":true}]}}