{"id":2089,"date":"2015-02-10T11:58:47","date_gmt":"2015-02-10T11:58:47","guid":{"rendered":""},"modified":"-0001-11-30T00:00:00","modified_gmt":"-0001-11-30T03:00:00","slug":"pec-82-deputado-tadeu-alencar-apresenta-requerimento-para-votacao-em-plenario","status":"publish","type":"post","link":"https:\/\/sinprofaz.org.br\/2024\/noticias\/pec-82-deputado-tadeu-alencar-apresenta-requerimento-para-votacao-em-plenario\/","title":{"rendered":"PEC 82: Deputado Tadeu Alencar apresenta requerimento para vota\u00e7\u00e3o em plen\u00e1rio"},"content":{"rendered":"<p>Tadeu Alencar (PSB-PE) assumiu seu primeiro mandato na C\u00e2mara Federal com o compromisso de refor\u00e7ar os pleitos da Advocacia P\u00fablica do Brasil.<\/p>\n<p>A apresenta\u00e7\u00e3o desse requerimento vai ao encontro do que o deputado afirmou na semana passada em audi\u00eancia com o presidente do SINPROFAZ. Tadeu Alencar colocou seu gabinete \u00e0 disposi\u00e7\u00e3o da Carreira.<\/p>\n<p>O SINPROFAZ agradece ao deputado pelo engajamento em causa t\u00e3o importante para a valoriza\u00e7\u00e3o das Carreiras da Advocacia P\u00fablica e para o fortalecimento do Estado brasileiro.<\/p>\n","protected":false},"excerpt":{"rendered":"<p>O deputado, que \u00e9 membro da Carreira de PFN, apresentou o Requerimento n\u00ba 351\/2015 para inclus\u00e3o na ordem do dia da PEC da Probidade.<\/p>\n","protected":false},"author":1,"featured_media":0,"comment_status":"closed","ping_status":"open","sticky":false,"template":"","format":"standard","meta":{"footnotes":""},"categories":[8],"tags":[],"featured_image_url":"https:\/\/dummyimage.com\/720x400","character_count":265,"formatted_date":"10\/02\/2015 - 11:58","contentNovo":"\r\n<p>Tadeu Alencar (PSB-PE) assumiu seu primeiro mandato na C\u00e2mara Federal com o compromisso de refor\u00e7ar os pleitos da Advocacia P\u00fablica do Brasil.<\/p>\r\n<p>A apresenta\u00e7\u00e3o desse requerimento vai ao encontro do que o deputado afirmou na semana passada em audi\u00eancia com o presidente do SINPROFAZ. Tadeu Alencar colocou seu gabinete \u00e0 disposi\u00e7\u00e3o da Carreira.<\/p>\r\n<p>O SINPROFAZ agradece ao deputado pelo engajamento em causa t\u00e3o importante para a valoriza\u00e7\u00e3o das Carreiras da Advocacia P\u00fablica e para o fortalecimento do Estado brasileiro.<\/p>","_links":{"self":[{"href":"https:\/\/sinprofaz.org.br\/2024\/wp-json\/wp\/v2\/posts\/2089"}],"collection":[{"href":"https:\/\/sinprofaz.org.br\/2024\/wp-json\/wp\/v2\/posts"}],"about":[{"href":"https:\/\/sinprofaz.org.br\/2024\/wp-json\/wp\/v2\/types\/post"}],"author":[{"embeddable":true,"href":"https:\/\/sinprofaz.org.br\/2024\/wp-json\/wp\/v2\/users\/1"}],"replies":[{"embeddable":true,"href":"https:\/\/sinprofaz.org.br\/2024\/wp-json\/wp\/v2\/comments?post=2089"}],"version-history":[{"count":0,"href":"https:\/\/sinprofaz.org.br\/2024\/wp-json\/wp\/v2\/posts\/2089\/revisions"}],"wp:attachment":[{"href":"https:\/\/sinprofaz.org.br\/2024\/wp-json\/wp\/v2\/media?parent=2089"}],"wp:term":[{"taxonomy":"category","embeddable":true,"href":"https:\/\/sinprofaz.org.br\/2024\/wp-json\/wp\/v2\/categories?post=2089"},{"taxonomy":"post_tag","embeddable":true,"href":"https:\/\/sinprofaz.org.br\/2024\/wp-json\/wp\/v2\/tags?post=2089"}],"curies":[{"name":"wp","href":"https:\/\/api.w.org\/{rel}","templated":true}]}}