{"id":2086,"date":"2015-02-06T12:02:52","date_gmt":"2015-02-06T12:02:52","guid":{"rendered":""},"modified":"-0001-11-30T00:00:00","modified_gmt":"-0001-11-30T03:00:00","slug":"promocoes-sinprofaz-rebate-argumentos-de-nota-tecnica-da-pgfn-que-coonesta-tratamento-anti-isonomico","status":"publish","type":"post","link":"https:\/\/sinprofaz.org.br\/2024\/noticias\/promocoes-sinprofaz-rebate-argumentos-de-nota-tecnica-da-pgfn-que-coonesta-tratamento-anti-isonomico\/","title":{"rendered":"Promo\u00e7\u00f5es: SINPROFAZ rebate argumentos de Nota T\u00e9cnica da PGFN que coonesta tratamento anti-ison\u00f4mico"},"content":{"rendered":"<p>Leia a nota t\u00e9cnica <a href=\"\/meu-espaco\/oficios-recebidos\/2015\/oficio-76-2015-pgfn-envio-nota-tecnica-54-15-promocoes.pdf\" target=\"_blank\">aqui<\/a> e a r\u00e9plica do SINPROFAZ <a href=\"\/meu-espaco\/oficios\/2015\/oficio-005-resposta-oficio-sinprofaz-promocoes.PDF\" target=\"_blank\">aqui<\/a>.<\/p>\n<p>A not\u00edcia da PGF no link abaixo confirma a inaceit\u00e1vel diferen\u00e7a no tratamento das Carreiras da Advocacia-Geral da Uni\u00e3o.<\/p>\n<p>Leia a \u00edntegra do comunicado da PGF <a href=\"\/pdfs\/comunicado-pgf-05022015.pdf\" target=\"_blank\">aqui<\/a>.<\/p>\n","protected":false},"excerpt":{"rendered":"<p>O SINPROFAZ rebateu os argumentos de nota t\u00e9cnica da PGFN, que coonesta o tratamento anti-ison\u00f4mico entre as carreiras da Advocacia-Geral da Uni\u00e3o sobre as promo\u00e7\u00f5es.<\/p>\n","protected":false},"author":1,"featured_media":0,"comment_status":"closed","ping_status":"open","sticky":false,"template":"","format":"standard","meta":{"footnotes":""},"categories":[8],"tags":[],"featured_image_url":"https:\/\/dummyimage.com\/720x400","character_count":114,"formatted_date":"06\/02\/2015 - 12:02","contentNovo":"\r\n<p>Leia a nota t\u00e9cnica <a href=\"\/meu-espaco\/oficios-recebidos\/2015\/oficio-76-2015-pgfn-envio-nota-tecnica-54-15-promocoes.pdf\" target=\"_blank\">aqui<\/a> e a r\u00e9plica do SINPROFAZ <a href=\"\/meu-espaco\/oficios\/2015\/oficio-005-resposta-oficio-sinprofaz-promocoes.PDF\" target=\"_blank\">aqui<\/a>.<\/p>\r\n<p>A not\u00edcia da PGF no link abaixo confirma a inaceit\u00e1vel diferen\u00e7a no tratamento das Carreiras da Advocacia-Geral da Uni\u00e3o.<\/p>\r\n<p>Leia a \u00edntegra do comunicado da PGF <a href=\"\/pdfs\/comunicado-pgf-05022015.pdf\" target=\"_blank\">aqui<\/a>.<\/p>","_links":{"self":[{"href":"https:\/\/sinprofaz.org.br\/2024\/wp-json\/wp\/v2\/posts\/2086"}],"collection":[{"href":"https:\/\/sinprofaz.org.br\/2024\/wp-json\/wp\/v2\/posts"}],"about":[{"href":"https:\/\/sinprofaz.org.br\/2024\/wp-json\/wp\/v2\/types\/post"}],"author":[{"embeddable":true,"href":"https:\/\/sinprofaz.org.br\/2024\/wp-json\/wp\/v2\/users\/1"}],"replies":[{"embeddable":true,"href":"https:\/\/sinprofaz.org.br\/2024\/wp-json\/wp\/v2\/comments?post=2086"}],"version-history":[{"count":0,"href":"https:\/\/sinprofaz.org.br\/2024\/wp-json\/wp\/v2\/posts\/2086\/revisions"}],"wp:attachment":[{"href":"https:\/\/sinprofaz.org.br\/2024\/wp-json\/wp\/v2\/media?parent=2086"}],"wp:term":[{"taxonomy":"category","embeddable":true,"href":"https:\/\/sinprofaz.org.br\/2024\/wp-json\/wp\/v2\/categories?post=2086"},{"taxonomy":"post_tag","embeddable":true,"href":"https:\/\/sinprofaz.org.br\/2024\/wp-json\/wp\/v2\/tags?post=2086"}],"curies":[{"name":"wp","href":"https:\/\/api.w.org\/{rel}","templated":true}]}}